{"id":955,"date":"2012-08-05T21:26:29","date_gmt":"2012-08-05T19:26:29","guid":{"rendered":"http:\/\/deisy.se\/?p=955"},"modified":"2012-08-05T21:32:54","modified_gmt":"2012-08-05T19:32:54","slug":"semesterstickning-2","status":"publish","type":"post","link":"https:\/\/deisy.se\/?p=955","title":{"rendered":"Semesterstickning"},"content":{"rendered":"<p>F\u00f6r egen del tycker jag att det \u00e4r trevligt att sticka n\u00e5got invecklat och som tar extra mycket tid just n\u00e4r jag har lite extra av den varan. Likt f\u00f6rra \u00e5ret hamnade valet p\u00e5 ett litet projekt, enf\u00e4rgad botten och flerf\u00e4rgat m\u00f6nster. Effektfullt som tusan! F\u00f6rra \u00e5ret blev det vante och i \u00e5r blev det socka. En socka fr\u00e5n Garnstudios nya kollektion med Fabel som botten och \u00e4lskade Zauberball som flerf\u00e4rgad m\u00f6nsterf\u00e4rg. S\u00e5 oerh\u00f6rt roligt det \u00e4r att se blommorna och r\u00e4nderna v\u00e4xa fram &#8211; utan att man egentligen inte vet hur det kommer att sluta. <\/p>\n<p>Har varvat det hela med halsv\u00e4rmare i b\u00e5de nya Eskimo Tweed och Colinettes Point Five, barntr\u00f6ja i tre-tr\u00e5digt (Alba, Delight och Kid-Silk), fantasikofta i favoritmodellen, klassisk babykofta i Paris, ett par m\u00f6ss-modeller inf\u00f6r h\u00f6sten mm mm mm. Det mesta finns i butiken, n\u00e5got har blivit present, men mycket h\u00e4nger p\u00e5 en galge eller krok p\u00e5 Avenyn &#8211; v\u00e4lkommen in! <\/p>\n<p><a href=\"http:\/\/media.deisy.se\/2012\/08\/20120805-213239.jpg\"><img decoding=\"async\" src=\"http:\/\/media.deisy.se\/2012\/08\/20120805-213239.jpg\" alt=\"20120805-213239.jpg\" class=\"alignnone size-full\" \/><\/a><\/p>\n","protected":false},"excerpt":{"rendered":"<p>F\u00f6r egen del tycker jag att det \u00e4r trevligt att sticka n\u00e5got invecklat och som tar extra mycket tid just n\u00e4r jag har lite extra av den varan. Likt f\u00f6rra \u00e5ret hamnade valet p\u00e5 ett litet projekt, enf\u00e4rgad botten och flerf\u00e4rgat m\u00f6nster. Effektfullt som tusan! F\u00f6rra \u00e5ret blev det vante och i \u00e5r blev det [&hellip;]<\/p>\n","protected":false},"author":1,"featured_media":0,"comment_status":"open","ping_status":"open","sticky":false,"template":"","format":"standard","meta":{"_exactmetrics_skip_tracking":false,"_exactmetrics_sitenote_active":false,"_exactmetrics_sitenote_note":"","_exactmetrics_sitenote_category":0,"footnotes":""},"categories":[1],"tags":[],"class_list":["post-955","post","type-post","status-publish","format-standard","hentry","category-uncategorized"],"_links":{"self":[{"href":"https:\/\/deisy.se\/index.php?rest_route=\/wp\/v2\/posts\/955"}],"collection":[{"href":"https:\/\/deisy.se\/index.php?rest_route=\/wp\/v2\/posts"}],"about":[{"href":"https:\/\/deisy.se\/index.php?rest_route=\/wp\/v2\/types\/post"}],"author":[{"embeddable":true,"href":"https:\/\/deisy.se\/index.php?rest_route=\/wp\/v2\/users\/1"}],"replies":[{"embeddable":true,"href":"https:\/\/deisy.se\/index.php?rest_route=%2Fwp%2Fv2%2Fcomments&post=955"}],"version-history":[{"count":2,"href":"https:\/\/deisy.se\/index.php?rest_route=\/wp\/v2\/posts\/955\/revisions"}],"predecessor-version":[{"id":958,"href":"https:\/\/deisy.se\/index.php?rest_route=\/wp\/v2\/posts\/955\/revisions\/958"}],"wp:attachment":[{"href":"https:\/\/deisy.se\/index.php?rest_route=%2Fwp%2Fv2%2Fmedia&parent=955"}],"wp:term":[{"taxonomy":"category","embeddable":true,"href":"https:\/\/deisy.se\/index.php?rest_route=%2Fwp%2Fv2%2Fcategories&post=955"},{"taxonomy":"post_tag","embeddable":true,"href":"https:\/\/deisy.se\/index.php?rest_route=%2Fwp%2Fv2%2Ftags&post=955"}],"curies":[{"name":"wp","href":"https:\/\/api.w.org\/{rel}","templated":true}]}}