{"id":951,"date":"2012-06-30T10:20:14","date_gmt":"2012-06-30T08:20:14","guid":{"rendered":"http:\/\/deisy.se\/?p=951"},"modified":"2012-06-30T10:20:14","modified_gmt":"2012-06-30T08:20:14","slug":"tips-fran-coachen-tor","status":"publish","type":"post","link":"https:\/\/deisy.se\/?p=951","title":{"rendered":"Tips fr\u00e5n coachen &#038; Tor"},"content":{"rendered":"<p>N\u00e5gra tips som kommit upp flera g\u00e5nger de senaste dagarna: <a href=\"http:\/\/media.deisy.se\/2012\/06\/Senast-\u00f6verf\u00f6rda3.jpg\"><img loading=\"lazy\" decoding=\"async\" class=\"alignright  wp-image-952\" title=\"tips\" src=\"http:\/\/media.deisy.se\/2012\/06\/Senast-\u00f6verf\u00f6rda3-724x1024.jpg\" alt=\"\" width=\"384\" height=\"543\" srcset=\"http:\/\/media.deisy.se\/2012\/06\/Senast-\u00f6verf\u00f6rda3-724x1024.jpg 724w, http:\/\/media.deisy.se\/2012\/06\/Senast-\u00f6verf\u00f6rda3-212x300.jpg 212w\" sizes=\"(max-width: 384px) 100vw, 384px\" \/><\/a><\/p>\n<p>N\u00e4r man stickar randigt p\u00e5 rundsticka s\u00e5 blir det l\u00e4tt &#8221;hack&#8221; i f\u00e4rg\u00f6verg\u00e5ngarna. F\u00f6r att komma f\u00f6rbi det problemet \u00e4r en av l\u00f6sningarna p\u00e5 detta att man varv 1 stickar alla maskor och varv 2 lyfter den f\u00f6rsta maskan.<\/p>\n<p>Vanligaste minskningen kring en raglan \u00e4r att man f\u00f6re mark\u00f6ren stickar 2m tillsammans och efter mark\u00f6ren lyfter 1m, sticka 1m, dra den lyfta \u00f6ver den stickade. En variant p\u00e5 den senare minskningen \u00e4r att man stickar 2m tillsammans vridet. Varf\u00f6r kan man fr\u00e5ga sig och ja, m\u00e5nga tycker att det blir en lite tightare och snyggare minskning. Sj\u00e4lv g\u00f6r jag \u00e4n det ena \u00e4n det andra.<\/p>\n<p>Randa med randigt garn &#8211; h\u00e4r \u00e4r det nya Big Delight som \u00e4r anv\u00e4nt och randat med &#8211; f\u00e4rgerna Rosentr\u00e4dg\u00e5rd och Atlantis blev fina tillsammans i lilla <a href=\"http:\/\/www.garnstudio.com\/lang\/se\/visoppskrift.php?d_nr=s22&amp;d_id=34&amp;lang=se\" target=\"_blank\">barntr\u00f6jan<\/a>.<\/p>\n<p>Imorgon, s\u00f6ndag 1\/7 klockan 10.00 d\u00e5 \u00f6ppnar anm\u00e4lan till Stickfest i V\u00e4st &#8211; i \u00f6st. Genom ett samarbete mellan Deisy Design och Yll&amp;Tyll har det blivit m\u00f6jligt att ta med stickfesten till Enk\u00f6ping och H\u00e4rjar\u00f6 resort. Vi kallar stickfesten i \u00f6st f\u00f6r Tor och varf\u00f6r kan du finna ut p\u00e5 <a href=\"http:\/\/stickfestivast.wordpress.com\/\" target=\"_blank\">bloggen<\/a>. Precis som vanligt \u00e4r det massor av fina workshops och tillresta garnbutiker och annat kul. Hur du anm\u00e4ler dig hittar du som vanligt p\u00e5 <a href=\"http:\/\/www.stickfestivast.se\/\" target=\"_blank\">hemsidan<\/a>.<\/p>\n","protected":false},"excerpt":{"rendered":"<p>N\u00e5gra tips som kommit upp flera g\u00e5nger de senaste dagarna: N\u00e4r man stickar randigt p\u00e5 rundsticka s\u00e5 blir det l\u00e4tt &#8221;hack&#8221; i f\u00e4rg\u00f6verg\u00e5ngarna. F\u00f6r att komma f\u00f6rbi det problemet \u00e4r en av l\u00f6sningarna p\u00e5 detta att man varv 1 stickar alla maskor och varv 2 lyfter den f\u00f6rsta maskan. Vanligaste minskningen kring en raglan \u00e4r [&hellip;]<\/p>\n","protected":false},"author":1,"featured_media":0,"comment_status":"open","ping_status":"open","sticky":false,"template":"","format":"standard","meta":{"_exactmetrics_skip_tracking":false,"_exactmetrics_sitenote_active":false,"_exactmetrics_sitenote_note":"","_exactmetrics_sitenote_category":0,"footnotes":""},"categories":[6,9,22],"tags":[],"class_list":["post-951","post","type-post","status-publish","format-standard","hentry","category-siv","category-stickat","category-stickfest-i-vast"],"_links":{"self":[{"href":"https:\/\/deisy.se\/index.php?rest_route=\/wp\/v2\/posts\/951"}],"collection":[{"href":"https:\/\/deisy.se\/index.php?rest_route=\/wp\/v2\/posts"}],"about":[{"href":"https:\/\/deisy.se\/index.php?rest_route=\/wp\/v2\/types\/post"}],"author":[{"embeddable":true,"href":"https:\/\/deisy.se\/index.php?rest_route=\/wp\/v2\/users\/1"}],"replies":[{"embeddable":true,"href":"https:\/\/deisy.se\/index.php?rest_route=%2Fwp%2Fv2%2Fcomments&post=951"}],"version-history":[{"count":2,"href":"https:\/\/deisy.se\/index.php?rest_route=\/wp\/v2\/posts\/951\/revisions"}],"predecessor-version":[{"id":954,"href":"https:\/\/deisy.se\/index.php?rest_route=\/wp\/v2\/posts\/951\/revisions\/954"}],"wp:attachment":[{"href":"https:\/\/deisy.se\/index.php?rest_route=%2Fwp%2Fv2%2Fmedia&parent=951"}],"wp:term":[{"taxonomy":"category","embeddable":true,"href":"https:\/\/deisy.se\/index.php?rest_route=%2Fwp%2Fv2%2Fcategories&post=951"},{"taxonomy":"post_tag","embeddable":true,"href":"https:\/\/deisy.se\/index.php?rest_route=%2Fwp%2Fv2%2Ftags&post=951"}],"curies":[{"name":"wp","href":"https:\/\/api.w.org\/{rel}","templated":true}]}}