{"id":932,"date":"2012-05-25T09:13:02","date_gmt":"2012-05-25T07:13:02","guid":{"rendered":"http:\/\/deisy.se\/?p=932"},"modified":"2012-05-25T09:13:02","modified_gmt":"2012-05-25T07:13:02","slug":"virkat-fodral-i-sommarvarmen","status":"publish","type":"post","link":"https:\/\/deisy.se\/?p=932","title":{"rendered":"Virkat fodral i sommarv\u00e4rmen"},"content":{"rendered":"<p>&nbsp;<\/p>\n<p>Nu i dagarna anl\u00e4nder resten av alla de fina sommarf\u00e4rgerna i Ribbon XL som vi har v\u00e4ntat p\u00e5. Garnet \u00e4r ett brett bandgarn och lillasyster till popul\u00e4ra Zpagetti, men \u00e4r tunnare vilket g\u00f6r att det l\u00e4mpar sig till s\u00e5v\u00e4l virkade ting som stickade plagg.<\/p>\n<p><span style=\"font-size: small;\"><a href=\"http:\/\/media.deisy.se\/2012\/05\/Senast-\u00f6verf\u00f6rda7.jpg\"><img loading=\"lazy\" decoding=\"async\" class=\"alignright size-medium wp-image-933\" title=\"fodral\" src=\"http:\/\/media.deisy.se\/2012\/05\/Senast-\u00f6verf\u00f6rda7-300x180.jpg\" alt=\"\" width=\"300\" height=\"180\" srcset=\"http:\/\/media.deisy.se\/2012\/05\/Senast-\u00f6verf\u00f6rda7-300x180.jpg 300w, http:\/\/media.deisy.se\/2012\/05\/Senast-\u00f6verf\u00f6rda7.jpg 480w\" sizes=\"(max-width: 300px) 100vw, 300px\" \/><\/a>\u00a0<\/span>Knappt ett nystan \u00e4r \u00e5tg\u00e5ngen till ett fodral som detta till IPaden\/l\u00e4splattan. Tids\u00e5tg\u00e5ng? P\u00e5 ett ungef\u00e4r s\u00e4ndningstiden f\u00f6r en melodifestivals semifinal. N\u00e4r man \u00e4r f\u00e4rdigvirkad \u00e5terst\u00e5r det trevliga problemet med att v\u00e4lja vad f\u00f6r knapp man skall st\u00e4nga med.<\/p>\n<p>I helgen firar vi\u00a0Pingstafton med mycket sticktid och sol, och det \u00e4r som vanligt st\u00e4ngt p\u00e5 l\u00f6rdag.<\/p>\n","protected":false},"excerpt":{"rendered":"<p>&nbsp; Nu i dagarna anl\u00e4nder resten av alla de fina sommarf\u00e4rgerna i Ribbon XL som vi har v\u00e4ntat p\u00e5. Garnet \u00e4r ett brett bandgarn och lillasyster till popul\u00e4ra Zpagetti, men \u00e4r tunnare vilket g\u00f6r att det l\u00e4mpar sig till s\u00e5v\u00e4l virkade ting som stickade plagg. \u00a0Knappt ett nystan \u00e4r \u00e5tg\u00e5ngen till ett fodral som detta [&hellip;]<\/p>\n","protected":false},"author":1,"featured_media":0,"comment_status":"open","ping_status":"open","sticky":false,"template":"","format":"standard","meta":{"_exactmetrics_skip_tracking":false,"_exactmetrics_sitenote_active":false,"_exactmetrics_sitenote_note":"","_exactmetrics_sitenote_category":0,"footnotes":""},"categories":[7,5,4],"tags":[],"class_list":["post-932","post","type-post","status-publish","format-standard","hentry","category-deisy-design","category-nytt-i-hyllan","category-oppettider"],"_links":{"self":[{"href":"https:\/\/deisy.se\/index.php?rest_route=\/wp\/v2\/posts\/932"}],"collection":[{"href":"https:\/\/deisy.se\/index.php?rest_route=\/wp\/v2\/posts"}],"about":[{"href":"https:\/\/deisy.se\/index.php?rest_route=\/wp\/v2\/types\/post"}],"author":[{"embeddable":true,"href":"https:\/\/deisy.se\/index.php?rest_route=\/wp\/v2\/users\/1"}],"replies":[{"embeddable":true,"href":"https:\/\/deisy.se\/index.php?rest_route=%2Fwp%2Fv2%2Fcomments&post=932"}],"version-history":[{"count":4,"href":"https:\/\/deisy.se\/index.php?rest_route=\/wp\/v2\/posts\/932\/revisions"}],"predecessor-version":[{"id":937,"href":"https:\/\/deisy.se\/index.php?rest_route=\/wp\/v2\/posts\/932\/revisions\/937"}],"wp:attachment":[{"href":"https:\/\/deisy.se\/index.php?rest_route=%2Fwp%2Fv2%2Fmedia&parent=932"}],"wp:term":[{"taxonomy":"category","embeddable":true,"href":"https:\/\/deisy.se\/index.php?rest_route=%2Fwp%2Fv2%2Fcategories&post=932"},{"taxonomy":"post_tag","embeddable":true,"href":"https:\/\/deisy.se\/index.php?rest_route=%2Fwp%2Fv2%2Ftags&post=932"}],"curies":[{"name":"wp","href":"https:\/\/api.w.org\/{rel}","templated":true}]}}