{"id":84,"date":"2008-09-08T16:49:52","date_gmt":"2008-09-08T15:49:52","guid":{"rendered":"http:\/\/deisy.se\/2008\/09\/08\/nystickat\/"},"modified":"2008-09-08T16:49:52","modified_gmt":"2008-09-08T15:49:52","slug":"nystickat","status":"publish","type":"post","link":"https:\/\/deisy.se\/?p=84","title":{"rendered":"Nystickat"},"content":{"rendered":"<p>Ibland gl\u00f6mmer\u00a0man alldeles bort att faktiskt f\u00e5 med saker och ting som blir f\u00e4rdiga fr\u00e5n stickorna. <img loading=\"lazy\" decoding=\"async\" align=\"right\" width=\"204\" src=\"http:\/\/media.deisy.se\/2008\/09\/dscn1258.jpg\" alt=\"Sensommar p\u00e5 Avenyn\" height=\"153\" \/>Bilden p\u00e5 koftorna \u00e4r v\u00e4l s\u00e5d\u00e4r, lite v\u00e4l m\u00f6rk&#8230;det \u00e4r sv\u00e5rt att inse att det faktiskt var s\u00e5 h\u00e4r vacker p\u00e5 Avenyn i G\u00f6teborg d\u00e5 bilderna togs. S\u00e5 soligt s\u00e5 att det inte ens gick att ta vettiga kort p\u00e5 skyltf\u00f6nstret som nu \u00e4r kl\u00e4tt fr\u00e5n topp till t\u00e5 i rosa och lila. \u00c4nnu mer otroligt var det att f\u00f6rst\u00e5 att det var s\u00e5 d\u00e4r soligt och fint f\u00f6rra l\u00f6rdagen n\u00e4r denna l\u00f6rdagen kl\u00e4dde samma aveny i ett gr\u00e5tt \u00f6sregn&#8230;<\/p>\n<p>\u00a0<img loading=\"lazy\" decoding=\"async\" width=\"430\" src=\"http:\/\/media.deisy.se\/2008\/09\/dscn1256.jpg\" alt=\"Skyltf\u00f6nster i september\" height=\"278\" \/><\/p>\n<p>\u00a0Koftorna nedan \u00e4r i alla fall stickade i dels rosa Chunky Tweed fr\u00e5n Debbie Bliss &#8211; h\u00e4rligt nytt garn som \u00e4r v\u00e4ldigt trevligt att sticka med, stickor 8mm. 100% ull och faktiskt maskintv\u00e4ttbart i 30 grader trots att det inte \u00e4r superwash behandlat.<\/p>\n<p>Den lilla koftan i bl\u00e5tt \u00e4r en personlig favorit som vi har haft uppstickat m\u00e5nga g\u00e5nger fast i gjort lite f\u00f6r\u00e4ndringar och anv\u00e4nt olika garner. H\u00e4r \u00e4r Fabel anv\u00e4nt och stickor 2,5mm. Den \u00e4r stickad i ett stycke och grundm\u00f6nstret finns hos <a href=\"http:\/\/www.garnstudio.com\/lang\/se\/visoppskrift.php?d_nr=b10&amp;d_id=3&amp;lang=se\">Garnstudio<\/a>.\u00a0Skillnaden mellan denna och orginalet \u00e4r att jag stickat sl\u00e4tstickning\u00a0ist\u00e4llet f\u00f6r r\u00e4tstickning.\u00a0Man f\u00e5r d\u00e5 modifiera m\u00e5tten lite eftersom r\u00e4t- och sl\u00e4tstickning\u00a0uppf\u00f6r sig lite olika.<\/p>\n<p><img loading=\"lazy\" decoding=\"async\" align=\"middle\" width=\"500\" src=\"http:\/\/media.deisy.se\/2008\/09\/dscn1273.jpg\" alt=\"Baby kl\u00e4der\" height=\"375\" \/><\/p>\n","protected":false},"excerpt":{"rendered":"<p>Ibland gl\u00f6mmer\u00a0man alldeles bort att faktiskt f\u00e5 med saker och ting som blir f\u00e4rdiga fr\u00e5n stickorna. Bilden p\u00e5 koftorna \u00e4r v\u00e4l s\u00e5d\u00e4r, lite v\u00e4l m\u00f6rk&#8230;det \u00e4r sv\u00e5rt att inse att det faktiskt var s\u00e5 h\u00e4r vacker p\u00e5 Avenyn i G\u00f6teborg d\u00e5 bilderna togs. S\u00e5 soligt s\u00e5 att det inte ens gick att ta vettiga kort [&hellip;]<\/p>\n","protected":false},"author":1,"featured_media":0,"comment_status":"open","ping_status":"open","sticky":false,"template":"","format":"standard","meta":{"_exactmetrics_skip_tracking":false,"_exactmetrics_sitenote_active":false,"_exactmetrics_sitenote_note":"","_exactmetrics_sitenote_category":0,"footnotes":""},"categories":[7,10,9],"tags":[],"class_list":["post-84","post","type-post","status-publish","format-standard","hentry","category-deisy-design","category-skyltfonstret","category-stickat"],"_links":{"self":[{"href":"https:\/\/deisy.se\/index.php?rest_route=\/wp\/v2\/posts\/84"}],"collection":[{"href":"https:\/\/deisy.se\/index.php?rest_route=\/wp\/v2\/posts"}],"about":[{"href":"https:\/\/deisy.se\/index.php?rest_route=\/wp\/v2\/types\/post"}],"author":[{"embeddable":true,"href":"https:\/\/deisy.se\/index.php?rest_route=\/wp\/v2\/users\/1"}],"replies":[{"embeddable":true,"href":"https:\/\/deisy.se\/index.php?rest_route=%2Fwp%2Fv2%2Fcomments&post=84"}],"version-history":[{"count":0,"href":"https:\/\/deisy.se\/index.php?rest_route=\/wp\/v2\/posts\/84\/revisions"}],"wp:attachment":[{"href":"https:\/\/deisy.se\/index.php?rest_route=%2Fwp%2Fv2%2Fmedia&parent=84"}],"wp:term":[{"taxonomy":"category","embeddable":true,"href":"https:\/\/deisy.se\/index.php?rest_route=%2Fwp%2Fv2%2Fcategories&post=84"},{"taxonomy":"post_tag","embeddable":true,"href":"https:\/\/deisy.se\/index.php?rest_route=%2Fwp%2Fv2%2Ftags&post=84"}],"curies":[{"name":"wp","href":"https:\/\/api.w.org\/{rel}","templated":true}]}}