{"id":814,"date":"2011-11-15T00:12:05","date_gmt":"2011-11-14T22:12:05","guid":{"rendered":"http:\/\/deisy.se\/?p=814"},"modified":"2011-11-15T00:12:05","modified_gmt":"2011-11-14T22:12:05","slug":"mitt-i-november","status":"publish","type":"post","link":"https:\/\/deisy.se\/?p=814","title":{"rendered":"Mitt i november"},"content":{"rendered":"<p>Omskyltat inf\u00f6r julstickningarna med lite av varje. P\u00e5 dockorna fr\u00e5n h\u00f6ger till v\u00e4nster har vi som nedan f\u00f6rklarat:<\/p>\n<p><a href=\"http:\/\/media.deisy.se\/2011\/11\/skyltnov.jpg\"><img loading=\"lazy\" decoding=\"async\" class=\"aligncenter size-full wp-image-815\" title=\"skyltnovember\" src=\"http:\/\/media.deisy.se\/2011\/11\/skyltnov.jpg\" alt=\"\" width=\"528\" height=\"349\" srcset=\"http:\/\/media.deisy.se\/2011\/11\/skyltnov.jpg 528w, http:\/\/media.deisy.se\/2011\/11\/skyltnov-300x198.jpg 300w\" sizes=\"(max-width: 528px) 100vw, 528px\" \/><\/a><\/p>\n<p><a href=\"http:\/\/www.garnstudio.com\/lang\/se\/visoppskrift.php?d_nr=131&amp;d_id=5&amp;lang=se\" target=\"_blank\">Kjol <\/a>i Karisma med snyggt inlagda fl\u00e4tor i nederkanten som f\u00f6ljer med upp i sidorna. Garnkostnad otroliga 182:- i storlek medium. Till den \u00e4r det fl\u00e4tstickad <a href=\"http:\/\/www.garnstudio.com\/lang\/se\/visoppskrift.php?d_nr=123&amp;d_id=9&amp;lang=se\" target=\"_blank\">kofta <\/a>i Nepal som har extra fina intagningar i fl\u00e4torna. Stor &#8221;l\u00f6skrage&#8221; som man kan stuka till lite hur man vill &#8211; gjord i glittriga Dazzle tillsammans med Andes p\u00e5 stor rundsticka.<\/p>\n<p>N\u00e4sta dam har omtyckta <a href=\"http:\/\/www.garnstudio.com\/lang\/se\/visoppskrift.php?d_nr=131&amp;d_id=1&amp;lang=se\" target=\"_blank\">tunikan <\/a>i Nepal som stickas p\u00e5 rundsticka 7 &#8211; p\u00e5 m\u00f6nstret finns den i tv\u00e5 olika l\u00e4ngder.<\/p>\n<p>Ett sn\u00e4pp till v\u00e4nster har vi en <a href=\"http:\/\/www.garnstudio.com\/lang\/se\/visoppskrift.php?d_nr=116&amp;d_id=9&amp;lang=se\" target=\"_blank\">favoritkofta<\/a> i Alpaca &#8211; ocks\u00e5 den oslagbart pris (174:-) med den Alpacafest som p\u00e5g\u00e5r. H\u00e4r var det knapparna (r\u00f6da sammetshj\u00e4rtan) som fick best\u00e4mma f\u00e4rg p\u00e5 inslaget i koftan. <a href=\"http:\/\/www.garnstudio.com\/lang\/se\/visoppskrift.php?d_nr=133&amp;d_id=2&amp;lang=se\" target=\"_blank\">Spetssjal <\/a>i Lace runt halsen.<\/p>\n<p>L\u00e4ngst till h\u00f6ger en <a href=\"http:\/\/www.garnstudio.com\/lang\/se\/visoppskrift.php?d_nr=131&amp;d_id=8&amp;lang=se\" target=\"_blank\">kofta <\/a>som inte alls blir till r\u00e4ttvisa p\u00e5 bild och p\u00e5 skyltdocka &#8211; den skall helst provas f\u00f6r att fallet i plagget skall komma till sin r\u00e4tt. \u00c5terigen Nepal &#8211; denna g\u00e5ng i juligaste r\u00f6tt.<\/p>\n<p>Nedanf\u00f6r lite m\u00f6ssor i Kid-Silk + Alpaca samt en i Malitza som<a href=\"http:\/\/media.deisy.se\/2011\/11\/baby11.jpg\"><img loading=\"lazy\" decoding=\"async\" class=\"alignright size-medium wp-image-816\" title=\"baby11\" src=\"http:\/\/media.deisy.se\/2011\/11\/baby11-300x213.jpg\" alt=\"\" width=\"300\" height=\"213\" srcset=\"http:\/\/media.deisy.se\/2011\/11\/baby11-300x213.jpg 300w, http:\/\/media.deisy.se\/2011\/11\/baby11.jpg 529w\" sizes=\"(max-width: 300px) 100vw, 300px\" \/><\/a> verkar ha stukat till sig lite \u00e5t fel h\u00e5ll &#8211; h\u00e4nget skall ju inte vara i \u00f6gonen utan i nacken!<\/p>\n<p>P\u00e5 lilla skyltdockan h\u00e4nger fina julkoftan &#8211; lite f\u00f6r\u00e4ndringar fr\u00e5n <a href=\"http:\/\/www.garnstudio.com\/lang\/se\/visoppskrift.php?d_nr=b11&amp;d_id=1&amp;lang=se\" target=\"_blank\">orginalet<\/a>&#8230;inga blad vid blommorna, mjuk Baby-Merino ist\u00e4llet f\u00f6r Safran och lite glammig Cotton Viscose i rosorna.<\/p>\n","protected":false},"excerpt":{"rendered":"<p>Omskyltat inf\u00f6r julstickningarna med lite av varje. P\u00e5 dockorna fr\u00e5n h\u00f6ger till v\u00e4nster har vi som nedan f\u00f6rklarat: Kjol i Karisma med snyggt inlagda fl\u00e4tor i nederkanten som f\u00f6ljer med upp i sidorna. Garnkostnad otroliga 182:- i storlek medium. Till den \u00e4r det fl\u00e4tstickad kofta i Nepal som har extra fina intagningar i fl\u00e4torna. Stor [&hellip;]<\/p>\n","protected":false},"author":1,"featured_media":0,"comment_status":"open","ping_status":"open","sticky":false,"template":"","format":"standard","meta":{"_exactmetrics_skip_tracking":false,"_exactmetrics_sitenote_active":false,"_exactmetrics_sitenote_note":"","_exactmetrics_sitenote_category":0,"footnotes":""},"categories":[13,10,9],"tags":[],"class_list":["post-814","post","type-post","status-publish","format-standard","hentry","category-garnstudio","category-skyltfonstret","category-stickat"],"_links":{"self":[{"href":"https:\/\/deisy.se\/index.php?rest_route=\/wp\/v2\/posts\/814"}],"collection":[{"href":"https:\/\/deisy.se\/index.php?rest_route=\/wp\/v2\/posts"}],"about":[{"href":"https:\/\/deisy.se\/index.php?rest_route=\/wp\/v2\/types\/post"}],"author":[{"embeddable":true,"href":"https:\/\/deisy.se\/index.php?rest_route=\/wp\/v2\/users\/1"}],"replies":[{"embeddable":true,"href":"https:\/\/deisy.se\/index.php?rest_route=%2Fwp%2Fv2%2Fcomments&post=814"}],"version-history":[{"count":5,"href":"https:\/\/deisy.se\/index.php?rest_route=\/wp\/v2\/posts\/814\/revisions"}],"predecessor-version":[{"id":821,"href":"https:\/\/deisy.se\/index.php?rest_route=\/wp\/v2\/posts\/814\/revisions\/821"}],"wp:attachment":[{"href":"https:\/\/deisy.se\/index.php?rest_route=%2Fwp%2Fv2%2Fmedia&parent=814"}],"wp:term":[{"taxonomy":"category","embeddable":true,"href":"https:\/\/deisy.se\/index.php?rest_route=%2Fwp%2Fv2%2Fcategories&post=814"},{"taxonomy":"post_tag","embeddable":true,"href":"https:\/\/deisy.se\/index.php?rest_route=%2Fwp%2Fv2%2Ftags&post=814"}],"curies":[{"name":"wp","href":"https:\/\/api.w.org\/{rel}","templated":true}]}}