{"id":766,"date":"2011-08-21T22:52:18","date_gmt":"2011-08-21T20:52:18","guid":{"rendered":"http:\/\/deisy.se\/?p=766"},"modified":"2011-08-22T00:51:30","modified_gmt":"2011-08-21T22:51:30","slug":"sensommarstickning-pa-stranden","status":"publish","type":"post","link":"https:\/\/deisy.se\/?p=766","title":{"rendered":"Sensommarstickning p\u00e5 stranden"},"content":{"rendered":"<p><a href=\"http:\/\/media.deisy.se\/2011\/08\/Senast-\u00f6verf\u00f6rda3.jpg\"><\/a><a href=\"http:\/\/media.deisy.se\/2011\/08\/Senast-\u00f6verf\u00f6rda31.jpg\"><img loading=\"lazy\" decoding=\"async\" class=\"size-medium wp-image-770 alignright\" title=\"Laminaria i Baby-Alpaca Silk\" src=\"http:\/\/media.deisy.se\/2011\/08\/Senast-\u00f6verf\u00f6rda31-225x300.jpg\" alt=\"\" width=\"225\" height=\"300\" srcset=\"http:\/\/media.deisy.se\/2011\/08\/Senast-\u00f6verf\u00f6rda31-225x300.jpg 225w, http:\/\/media.deisy.se\/2011\/08\/Senast-\u00f6verf\u00f6rda31.jpg 360w\" sizes=\"(max-width: 225px) 100vw, 225px\" \/><\/a>S\u00f6ndagen\u00a0bj\u00f6d p\u00e5 en extra sommardag s\u00e5 d\u00e4r dan innan skolstart! F\u00f6rutom bad, sol och sandslott \u00e4ven ett par varv av fina sjalen Laminaria som \u00e4r en riktigt kul stickning.<\/p>\n<p><a href=\"http:\/\/knitty.com\/ISSUEspring08\/PATTlaminaria.html\" target=\"_blank\">M\u00f6nstret <\/a>kom ut f\u00f6r ett par \u00e5r sedan och ligger gratis p\u00e5 Knittys hemsida. Det \u00e4r p\u00e5 engelska men med liten <a href=\"http:\/\/www.garnstudio.com\/lang\/se\/ordliste.php?list=seendenl&amp;order=en\" target=\"_blank\">ordlista <\/a>p\u00e5 sticktermer l\u00f6ser man det stickiga termer som kan st\u00e4lla till det. Sjalen \u00e4r inget nyb\u00f6rjarprojekt\u00a0men man kan alltid kan g\u00f6ra lite som man vill och l\u00e4gga till, ta bort eller byta ut d\u00e4r man tycker att det \u00e4r klurigt.<\/p>\n<p>H\u00e4r \u00e4r f\u00f6rsta delen av sjalen strax klar och en variant skulle t ex vara att forts\u00e4tta med detta lilla fina &#8221;stj\u00e4rnm\u00f6nster&#8221; \u00f6ver hela sjalen. P\u00e5 bild \u00e4r det stickor nummer 4 och Baby-Alpaca Silk som vi just har s\u00e4nkt fr\u00e5n 51:-\/nystan till 43:-\/nystan!<\/p>\n","protected":false},"excerpt":{"rendered":"<p>S\u00f6ndagen\u00a0bj\u00f6d p\u00e5 en extra sommardag s\u00e5 d\u00e4r dan innan skolstart! F\u00f6rutom bad, sol och sandslott \u00e4ven ett par varv av fina sjalen Laminaria som \u00e4r en riktigt kul stickning. M\u00f6nstret kom ut f\u00f6r ett par \u00e5r sedan och ligger gratis p\u00e5 Knittys hemsida. Det \u00e4r p\u00e5 engelska men med liten ordlista p\u00e5 sticktermer l\u00f6ser man [&hellip;]<\/p>\n","protected":false},"author":1,"featured_media":0,"comment_status":"open","ping_status":"open","sticky":false,"template":"","format":"standard","meta":{"_exactmetrics_skip_tracking":false,"_exactmetrics_sitenote_active":false,"_exactmetrics_sitenote_note":"","_exactmetrics_sitenote_category":0,"footnotes":""},"categories":[8,11],"tags":[],"class_list":["post-766","post","type-post","status-publish","format-standard","hentry","category-pa-stickorna","category-sticktips"],"_links":{"self":[{"href":"https:\/\/deisy.se\/index.php?rest_route=\/wp\/v2\/posts\/766"}],"collection":[{"href":"https:\/\/deisy.se\/index.php?rest_route=\/wp\/v2\/posts"}],"about":[{"href":"https:\/\/deisy.se\/index.php?rest_route=\/wp\/v2\/types\/post"}],"author":[{"embeddable":true,"href":"https:\/\/deisy.se\/index.php?rest_route=\/wp\/v2\/users\/1"}],"replies":[{"embeddable":true,"href":"https:\/\/deisy.se\/index.php?rest_route=%2Fwp%2Fv2%2Fcomments&post=766"}],"version-history":[{"count":5,"href":"https:\/\/deisy.se\/index.php?rest_route=\/wp\/v2\/posts\/766\/revisions"}],"predecessor-version":[{"id":767,"href":"https:\/\/deisy.se\/index.php?rest_route=\/wp\/v2\/posts\/766\/revisions\/767"}],"wp:attachment":[{"href":"https:\/\/deisy.se\/index.php?rest_route=%2Fwp%2Fv2%2Fmedia&parent=766"}],"wp:term":[{"taxonomy":"category","embeddable":true,"href":"https:\/\/deisy.se\/index.php?rest_route=%2Fwp%2Fv2%2Fcategories&post=766"},{"taxonomy":"post_tag","embeddable":true,"href":"https:\/\/deisy.se\/index.php?rest_route=%2Fwp%2Fv2%2Ftags&post=766"}],"curies":[{"name":"wp","href":"https:\/\/api.w.org\/{rel}","templated":true}]}}