{"id":716,"date":"2011-06-10T07:30:46","date_gmt":"2011-06-10T07:30:46","guid":{"rendered":"http:\/\/deisy.se\/?p=716"},"modified":"2011-06-10T07:30:46","modified_gmt":"2011-06-10T07:30:46","slug":"world-wide-knit-in-public-day","status":"publish","type":"post","link":"https:\/\/deisy.se\/?p=716","title":{"rendered":"World Wide Knit in Public-Day"},"content":{"rendered":"<p><a href=\"http:\/\/media.deisy.se\/2011\/06\/WWKNIP.jpg\"><img loading=\"lazy\" decoding=\"async\" class=\"alignright size-medium wp-image-717\" title=\"WWKNIP\" src=\"http:\/\/media.deisy.se\/2011\/06\/WWKNIP-300x287.jpg\" alt=\"\" width=\"300\" height=\"287\" srcset=\"http:\/\/media.deisy.se\/2011\/06\/WWKNIP-300x287.jpg 300w, http:\/\/media.deisy.se\/2011\/06\/WWKNIP.jpg 324w\" sizes=\"(max-width: 300px) 100vw, 300px\" \/><\/a>Nu \u00e4r det \u00e5ter dags f\u00f6r \u00e5rets V\u00e4rldsstickaredag! I G\u00f6teborg g\u00e5r evenemanget av stapeln nu p\u00e5 s\u00f6ndag den 12 juni och inbjudan st\u00e5r det som f\u00f6ljer:<\/p>\n<p><span style=\"font-size: small;\">&#8221;STICKNICK utanf\u00f6r caf\u00e9et\/ restaurangen i Botaniska Tr\u00e4dg\u00e5rden fr\u00e5n klockan 13! Ta med garn och stickor, filtar, fika och leenden! V\u00e4lkomna \u00f6nskar <a href=\"http:\/\/sticknatverkivast.blogspot.com\/\" target=\"_blank\">Stickn\u00e4tverket V\u00e4stra G\u00f6taland <\/a>och Sl\u00f6jd i V\u00e4st!&#8221;<\/p>\n<p><font size=\"3\">Ingen anm\u00e4lan kr\u00e4vs utan det \u00e4r bara att komma f\u00f6rbi. Skulle regnet vilja komma p\u00e5 bes\u00f6k s\u00e5 befinner man sig ju beh\u00e4ndigt vid ett caf\u00e9&#8230;<\/p>\n<p><\/font><\/span><\/p>\n","protected":false},"excerpt":{"rendered":"<p>Nu \u00e4r det \u00e5ter dags f\u00f6r \u00e5rets V\u00e4rldsstickaredag! I G\u00f6teborg g\u00e5r evenemanget av stapeln nu p\u00e5 s\u00f6ndag den 12 juni och inbjudan st\u00e5r det som f\u00f6ljer: &#8221;STICKNICK utanf\u00f6r caf\u00e9et\/ restaurangen i Botaniska Tr\u00e4dg\u00e5rden fr\u00e5n klockan 13! Ta med garn och stickor, filtar, fika och leenden! V\u00e4lkomna \u00f6nskar Stickn\u00e4tverket V\u00e4stra G\u00f6taland och Sl\u00f6jd i V\u00e4st!&#8221; Ingen [&hellip;]<\/p>\n","protected":false},"author":1,"featured_media":0,"comment_status":"open","ping_status":"open","sticky":false,"template":"","format":"standard","meta":{"_exactmetrics_skip_tracking":false,"_exactmetrics_sitenote_active":false,"_exactmetrics_sitenote_note":"","_exactmetrics_sitenote_category":0,"footnotes":""},"categories":[25],"tags":[],"class_list":["post-716","post","type-post","status-publish","format-standard","hentry","category-stickevent"],"_links":{"self":[{"href":"https:\/\/deisy.se\/index.php?rest_route=\/wp\/v2\/posts\/716"}],"collection":[{"href":"https:\/\/deisy.se\/index.php?rest_route=\/wp\/v2\/posts"}],"about":[{"href":"https:\/\/deisy.se\/index.php?rest_route=\/wp\/v2\/types\/post"}],"author":[{"embeddable":true,"href":"https:\/\/deisy.se\/index.php?rest_route=\/wp\/v2\/users\/1"}],"replies":[{"embeddable":true,"href":"https:\/\/deisy.se\/index.php?rest_route=%2Fwp%2Fv2%2Fcomments&post=716"}],"version-history":[{"count":2,"href":"https:\/\/deisy.se\/index.php?rest_route=\/wp\/v2\/posts\/716\/revisions"}],"predecessor-version":[{"id":719,"href":"https:\/\/deisy.se\/index.php?rest_route=\/wp\/v2\/posts\/716\/revisions\/719"}],"wp:attachment":[{"href":"https:\/\/deisy.se\/index.php?rest_route=%2Fwp%2Fv2%2Fmedia&parent=716"}],"wp:term":[{"taxonomy":"category","embeddable":true,"href":"https:\/\/deisy.se\/index.php?rest_route=%2Fwp%2Fv2%2Fcategories&post=716"},{"taxonomy":"post_tag","embeddable":true,"href":"https:\/\/deisy.se\/index.php?rest_route=%2Fwp%2Fv2%2Ftags&post=716"}],"curies":[{"name":"wp","href":"https:\/\/api.w.org\/{rel}","templated":true}]}}