{"id":624,"date":"2011-03-31T10:32:51","date_gmt":"2011-03-31T10:32:51","guid":{"rendered":"http:\/\/deisy.se\/?p=624"},"modified":"2011-03-31T10:32:51","modified_gmt":"2011-03-31T10:32:51","slug":"stickcafe-pa-lohr-och-cancan","status":"publish","type":"post","link":"https:\/\/deisy.se\/?p=624","title":{"rendered":"Stickcaf\u00e9 p\u00e5 Lohr och CanCan"},"content":{"rendered":"<p>Innan det skall komma en hel dr\u00f6s om sticktips och uppstickat h\u00e4r (f\u00f6r det har varit en viss brist p\u00e5 det under en tid&#8230;) s\u00e5 skall det bara tipsas om stickcaf\u00e9 nu p\u00e5 l\u00f6rdag hos <a href=\"http:\/\/pocketmedmera.se\/kalender\/\" target=\"_blank\">Lohr&#8217;s Bokhandel <\/a>vid Kapellplatsen. Underbar bokhandel med caf\u00e9m\u00f6jligheter! Nu p\u00e5 l\u00f6rdag kommer dessutom Lisa \u00c5hlstr\u00f6m dit och pratar om det Online Stickcaf\u00e9 som hon dragit ig\u00e5ng p\u00e5 Facebook och du kan f\u00e5 <a href=\"http:\/\/media.deisy.se\/2011\/03\/cancan.jpg\"><img loading=\"lazy\" decoding=\"async\" class=\"alignright size-medium wp-image-625\" title=\"cancan\" src=\"http:\/\/media.deisy.se\/2011\/03\/cancan-225x300.jpg\" alt=\"\" width=\"225\" height=\"300\" srcset=\"http:\/\/media.deisy.se\/2011\/03\/cancan-225x300.jpg 225w, http:\/\/media.deisy.se\/2011\/03\/cancan.jpg 480w\" sizes=\"(max-width: 225px) 100vw, 225px\" \/><\/a>dig lite tips kring detta.<\/p>\n<p>Ig\u00e5r kom garnet CanCan in som s\u00e5 m\u00e5nga fr\u00e5gat efter &#8211; sj\u00e4lva garnet \u00e4r som en bred remsa\u00a0som man stickar volang av.\u00a0Sj\u00e4lva kvalit\u00e9n har kommit och g\u00e5tt i\u00a0lite olika varianter men h\u00e4r\u00a0har man\u00a0tagit fram ett g\u00e4ng l\u00e4ckra f\u00e4rger. Lite lurigt att f\u00e5 tag i det just nu s\u00e5 endast tre av f\u00e4rgerna har kommit &#8211; mer\u00a0kommer i maj&#8230;lagom till sommarstickningen!<\/p>\n","protected":false},"excerpt":{"rendered":"<p>Innan det skall komma en hel dr\u00f6s om sticktips och uppstickat h\u00e4r (f\u00f6r det har varit en viss brist p\u00e5 det under en tid&#8230;) s\u00e5 skall det bara tipsas om stickcaf\u00e9 nu p\u00e5 l\u00f6rdag hos Lohr&#8217;s Bokhandel vid Kapellplatsen. Underbar bokhandel med caf\u00e9m\u00f6jligheter! Nu p\u00e5 l\u00f6rdag kommer dessutom Lisa \u00c5hlstr\u00f6m dit och pratar om det [&hellip;]<\/p>\n","protected":false},"author":1,"featured_media":0,"comment_status":"open","ping_status":"open","sticky":false,"template":"","format":"standard","meta":{"_exactmetrics_skip_tracking":false,"_exactmetrics_sitenote_active":false,"_exactmetrics_sitenote_note":"","_exactmetrics_sitenote_category":0,"footnotes":""},"categories":[5,3],"tags":[],"class_list":["post-624","post","type-post","status-publish","format-standard","hentry","category-nytt-i-hyllan","category-stickcafe"],"_links":{"self":[{"href":"https:\/\/deisy.se\/index.php?rest_route=\/wp\/v2\/posts\/624"}],"collection":[{"href":"https:\/\/deisy.se\/index.php?rest_route=\/wp\/v2\/posts"}],"about":[{"href":"https:\/\/deisy.se\/index.php?rest_route=\/wp\/v2\/types\/post"}],"author":[{"embeddable":true,"href":"https:\/\/deisy.se\/index.php?rest_route=\/wp\/v2\/users\/1"}],"replies":[{"embeddable":true,"href":"https:\/\/deisy.se\/index.php?rest_route=%2Fwp%2Fv2%2Fcomments&post=624"}],"version-history":[{"count":3,"href":"https:\/\/deisy.se\/index.php?rest_route=\/wp\/v2\/posts\/624\/revisions"}],"predecessor-version":[{"id":628,"href":"https:\/\/deisy.se\/index.php?rest_route=\/wp\/v2\/posts\/624\/revisions\/628"}],"wp:attachment":[{"href":"https:\/\/deisy.se\/index.php?rest_route=%2Fwp%2Fv2%2Fmedia&parent=624"}],"wp:term":[{"taxonomy":"category","embeddable":true,"href":"https:\/\/deisy.se\/index.php?rest_route=%2Fwp%2Fv2%2Fcategories&post=624"},{"taxonomy":"post_tag","embeddable":true,"href":"https:\/\/deisy.se\/index.php?rest_route=%2Fwp%2Fv2%2Ftags&post=624"}],"curies":[{"name":"wp","href":"https:\/\/api.w.org\/{rel}","templated":true}]}}