{"id":596,"date":"2011-03-01T17:28:22","date_gmt":"2011-03-01T17:28:22","guid":{"rendered":"http:\/\/deisy.se\/?p=596"},"modified":"2011-03-01T17:28:22","modified_gmt":"2011-03-01T17:28:22","slug":"stickfest-i-vast-narmar-sig","status":"publish","type":"post","link":"https:\/\/deisy.se\/?p=596","title":{"rendered":"Stickfest i V\u00e4st n\u00e4rmar sig"},"content":{"rendered":"<p>Nu \u00e4r det mars och inte s\u00e5 m\u00e5nga dagar kvar tills \u00e5rets <a href=\"http:\/\/media.deisy.se\/2011\/03\/1006.jpg\"><img loading=\"lazy\" decoding=\"async\" class=\"alignright size-medium wp-image-597\" title=\"SiV 10\" src=\"http:\/\/media.deisy.se\/2011\/03\/1006-300x224.jpg\" alt=\"\" width=\"300\" height=\"224\" srcset=\"http:\/\/media.deisy.se\/2011\/03\/1006-300x224.jpg 300w, http:\/\/media.deisy.se\/2011\/03\/1006.jpg 454w\" sizes=\"(max-width: 300px) 100vw, 300px\" \/><\/a>Stickfest i V\u00e4st! Det finns str\u00f6-platser kvar p\u00e5 m\u00e5nga workshops om man vill boka sig till det, men man \u00e4r mycket v\u00e4lkommen ut till Gr\u00f6t\u00f6 och ta det som ett stickcaf\u00e9: ta en fika, snacka stickning, spana in utst\u00e4llare p\u00e5 Torget och ha det bra! Vill du boka upp dig f\u00f6r lunch eller workshop s\u00e5 maila till <a href=\"mailto:anmalan@stickfestivast.se\">anmalan@stickfestivast.se<\/a> All information om \u00e5rets SiV finns p\u00e5 <a href=\"http:\/\/www.stickfestivast.se\">www.stickfestivast.se<\/a><\/p>\n","protected":false},"excerpt":{"rendered":"<p>Nu \u00e4r det mars och inte s\u00e5 m\u00e5nga dagar kvar tills \u00e5rets Stickfest i V\u00e4st! Det finns str\u00f6-platser kvar p\u00e5 m\u00e5nga workshops om man vill boka sig till det, men man \u00e4r mycket v\u00e4lkommen ut till Gr\u00f6t\u00f6 och ta det som ett stickcaf\u00e9: ta en fika, snacka stickning, spana in utst\u00e4llare p\u00e5 Torget och ha [&hellip;]<\/p>\n","protected":false},"author":1,"featured_media":0,"comment_status":"open","ping_status":"open","sticky":false,"template":"","format":"standard","meta":{"_exactmetrics_skip_tracking":false,"_exactmetrics_sitenote_active":false,"_exactmetrics_sitenote_note":"","_exactmetrics_sitenote_category":0,"footnotes":""},"categories":[6,22],"tags":[],"class_list":["post-596","post","type-post","status-publish","format-standard","hentry","category-siv","category-stickfest-i-vast"],"_links":{"self":[{"href":"https:\/\/deisy.se\/index.php?rest_route=\/wp\/v2\/posts\/596"}],"collection":[{"href":"https:\/\/deisy.se\/index.php?rest_route=\/wp\/v2\/posts"}],"about":[{"href":"https:\/\/deisy.se\/index.php?rest_route=\/wp\/v2\/types\/post"}],"author":[{"embeddable":true,"href":"https:\/\/deisy.se\/index.php?rest_route=\/wp\/v2\/users\/1"}],"replies":[{"embeddable":true,"href":"https:\/\/deisy.se\/index.php?rest_route=%2Fwp%2Fv2%2Fcomments&post=596"}],"version-history":[{"count":2,"href":"https:\/\/deisy.se\/index.php?rest_route=\/wp\/v2\/posts\/596\/revisions"}],"predecessor-version":[{"id":599,"href":"https:\/\/deisy.se\/index.php?rest_route=\/wp\/v2\/posts\/596\/revisions\/599"}],"wp:attachment":[{"href":"https:\/\/deisy.se\/index.php?rest_route=%2Fwp%2Fv2%2Fmedia&parent=596"}],"wp:term":[{"taxonomy":"category","embeddable":true,"href":"https:\/\/deisy.se\/index.php?rest_route=%2Fwp%2Fv2%2Fcategories&post=596"},{"taxonomy":"post_tag","embeddable":true,"href":"https:\/\/deisy.se\/index.php?rest_route=%2Fwp%2Fv2%2Ftags&post=596"}],"curies":[{"name":"wp","href":"https:\/\/api.w.org\/{rel}","templated":true}]}}