{"id":552,"date":"2011-01-10T20:38:46","date_gmt":"2011-01-10T20:38:46","guid":{"rendered":"http:\/\/deisy.se\/?p=552"},"modified":"2011-01-08T20:46:31","modified_gmt":"2011-01-08T20:46:31","slug":"till-liten","status":"publish","type":"post","link":"https:\/\/deisy.se\/?p=552","title":{"rendered":"Till liten"},"content":{"rendered":"<p><a href=\"http:\/\/media.deisy.se\/2011\/01\/babytunika.jpg\"><img loading=\"lazy\" decoding=\"async\" class=\"alignleft size-medium wp-image-553\" title=\"baby tunika\" src=\"http:\/\/media.deisy.se\/2011\/01\/babytunika-225x300.jpg\" alt=\"\" width=\"158\" height=\"210\" srcset=\"http:\/\/media.deisy.se\/2011\/01\/babytunika-225x300.jpg 225w, http:\/\/media.deisy.se\/2011\/01\/babytunika.jpg 240w\" sizes=\"(max-width: 158px) 100vw, 158px\" \/><\/a>Lilla <a href=\"http:\/\/www.garnstudio.com\/lang\/se\/visoppskrift.php?d_nr=b19&amp;d_id=19&amp;lang=se\" target=\"_blank\">babytunikan <\/a>blev fullkomligt bed\u00e5rande i Baby-Merino fr\u00e5n Garnstudio. G\u00f6r man den i det garnet s\u00e5 blir det otroligt mjukt och maskintv\u00e4ttbart &#8211; vill man ist\u00e4llet g\u00f6ra det lite lyxigare alternativet: ja, d\u00e5 anv\u00e4nder man nya Baby Alpaca Silk som nyss kommit upp p\u00e5 hyllorna.<\/p>\n<p>Tunikan \u00e4r matchad med liten <a href=\"http:\/\/media.deisy.se\/2011\/01\/bolero1.jpg\"><img loading=\"lazy\" decoding=\"async\" class=\"alignright size-thumbnail wp-image-555\" title=\"bolero\" src=\"http:\/\/media.deisy.se\/2011\/01\/bolero1-150x150.jpg\" alt=\"\" width=\"150\" height=\"150\" \/><\/a>&#8221;bolero-kofta&#8221;. Gjord i samma mjuka material fast n\u00e5got gr\u00f6vre: Merino Extra Fine. <a href=\"http:\/\/www.garnstudio.com\/lang\/se\/visoppskrift.php?d_nr=0&amp;d_id=684&amp;lang=se\" target=\"_blank\">M\u00f6nstret <\/a>kan vara lite lurigt att finna f\u00f6r det \u00e4r ett av alla de extram\u00f6nster som ligger hos p\u00e5 Garnstudios hemsida och som inte n\u00e5gon g\u00e5ng g\u00e5tt i tryck.<\/p>\n","protected":false},"excerpt":{"rendered":"<p>Lilla babytunikan blev fullkomligt bed\u00e5rande i Baby-Merino fr\u00e5n Garnstudio. G\u00f6r man den i det garnet s\u00e5 blir det otroligt mjukt och maskintv\u00e4ttbart &#8211; vill man ist\u00e4llet g\u00f6ra det lite lyxigare alternativet: ja, d\u00e5 anv\u00e4nder man nya Baby Alpaca Silk som nyss kommit upp p\u00e5 hyllorna. Tunikan \u00e4r matchad med liten &#8221;bolero-kofta&#8221;. Gjord i samma mjuka [&hellip;]<\/p>\n","protected":false},"author":1,"featured_media":0,"comment_status":"open","ping_status":"open","sticky":false,"template":"","format":"standard","meta":{"_exactmetrics_skip_tracking":false,"_exactmetrics_sitenote_active":false,"_exactmetrics_sitenote_note":"","_exactmetrics_sitenote_category":0,"footnotes":""},"categories":[1],"tags":[],"class_list":["post-552","post","type-post","status-publish","format-standard","hentry","category-uncategorized"],"_links":{"self":[{"href":"https:\/\/deisy.se\/index.php?rest_route=\/wp\/v2\/posts\/552"}],"collection":[{"href":"https:\/\/deisy.se\/index.php?rest_route=\/wp\/v2\/posts"}],"about":[{"href":"https:\/\/deisy.se\/index.php?rest_route=\/wp\/v2\/types\/post"}],"author":[{"embeddable":true,"href":"https:\/\/deisy.se\/index.php?rest_route=\/wp\/v2\/users\/1"}],"replies":[{"embeddable":true,"href":"https:\/\/deisy.se\/index.php?rest_route=%2Fwp%2Fv2%2Fcomments&post=552"}],"version-history":[{"count":2,"href":"https:\/\/deisy.se\/index.php?rest_route=\/wp\/v2\/posts\/552\/revisions"}],"predecessor-version":[{"id":557,"href":"https:\/\/deisy.se\/index.php?rest_route=\/wp\/v2\/posts\/552\/revisions\/557"}],"wp:attachment":[{"href":"https:\/\/deisy.se\/index.php?rest_route=%2Fwp%2Fv2%2Fmedia&parent=552"}],"wp:term":[{"taxonomy":"category","embeddable":true,"href":"https:\/\/deisy.se\/index.php?rest_route=%2Fwp%2Fv2%2Fcategories&post=552"},{"taxonomy":"post_tag","embeddable":true,"href":"https:\/\/deisy.se\/index.php?rest_route=%2Fwp%2Fv2%2Ftags&post=552"}],"curies":[{"name":"wp","href":"https:\/\/api.w.org\/{rel}","templated":true}]}}