{"id":439,"date":"2010-05-11T09:52:30","date_gmt":"2010-05-11T08:52:30","guid":{"rendered":"http:\/\/deisy.se\/2010\/05\/11\/fantasic-furin\/"},"modified":"2010-05-11T09:52:30","modified_gmt":"2010-05-11T08:52:30","slug":"fantasic-furin","status":"publish","type":"post","link":"https:\/\/deisy.se\/?p=439","title":{"rendered":"Fantasic Furin"},"content":{"rendered":"<p>Helt pl\u00f6tsligt har man s\u00e5 d\u00e4r m\u00e5nga id\u00e9er att det liksom sv\u00e4mmar \u00f6ver lite. <img loading=\"lazy\" decoding=\"async\" src=\"http:\/\/media.deisy.se\/2010\/05\/furin.jpg\" align=\"right\" height=\"400\" width=\"300\" \/>D\u00e5 blir mycket p\u00e5b\u00f6rjat och inget f\u00e4rdigt&#8230;men f\u00f6rdelen med det att r\u00e4tt som det \u00e4r s\u00e5 kan det maskas av lite varstans och d\u00e5 blir en hel dr\u00f6s f\u00e4rdigt samtidigt och man k\u00e4nner sig mycket produktiv och duktig!<\/p>\n<p>Just nu \u00e4r det mitt i en id\u00e9-fas, dvs inte s\u00e5 v\u00e4ldigt mycket klart&#8230;men vad som d\u00e4remot st\u00e5r klart \u00e4r att bomullsgarnet fr\u00e5n Noro, Furin, gifter sig utm\u00e4rkt med bomullsgarnet Muskat. H\u00e4r \u00e4r en tr\u00f6ja p\u00e5 G d\u00e4r endast en f\u00e4rg har randats in f\u00f6r att dels dryga ut Furin, dels ge en viss nyans till plagget och dels f\u00f6r att kontrasterna mellan de olika kvalit\u00e9erna blir riktigt sp\u00e4nnande.<\/p>\n<p>Ta en f\u00e4rg endast som h\u00e4r eller flera. Med Noro finns massor av m\u00f6jligheter att blanda i andra f\u00e4rger och ta upp de som \u00e4r med.<\/p>\n<p><strong>Imorgon onsdag \u00e4r det dag f\u00f6re r\u00f6d dag och d\u00e5 st\u00e4nger vi\u00a0som vanligt tidigare, 16.00, och p\u00e5 torsdag \u00e4r det st\u00e4ngt. Fredag \u00e5ter \u00f6ppet som vanligt 11-18.<\/strong><\/p>\n","protected":false},"excerpt":{"rendered":"<p>Helt pl\u00f6tsligt har man s\u00e5 d\u00e4r m\u00e5nga id\u00e9er att det liksom sv\u00e4mmar \u00f6ver lite. D\u00e5 blir mycket p\u00e5b\u00f6rjat och inget f\u00e4rdigt&#8230;men f\u00f6rdelen med det att r\u00e4tt som det \u00e4r s\u00e5 kan det maskas av lite varstans och d\u00e5 blir en hel dr\u00f6s f\u00e4rdigt samtidigt och man k\u00e4nner sig mycket produktiv och duktig! Just nu \u00e4r [&hellip;]<\/p>\n","protected":false},"author":1,"featured_media":0,"comment_status":"open","ping_status":"open","sticky":false,"template":"","format":"standard","meta":{"_exactmetrics_skip_tracking":false,"_exactmetrics_sitenote_active":false,"_exactmetrics_sitenote_note":"","_exactmetrics_sitenote_category":0,"footnotes":""},"categories":[4,8],"tags":[],"class_list":["post-439","post","type-post","status-publish","format-standard","hentry","category-oppettider","category-pa-stickorna"],"_links":{"self":[{"href":"https:\/\/deisy.se\/index.php?rest_route=\/wp\/v2\/posts\/439"}],"collection":[{"href":"https:\/\/deisy.se\/index.php?rest_route=\/wp\/v2\/posts"}],"about":[{"href":"https:\/\/deisy.se\/index.php?rest_route=\/wp\/v2\/types\/post"}],"author":[{"embeddable":true,"href":"https:\/\/deisy.se\/index.php?rest_route=\/wp\/v2\/users\/1"}],"replies":[{"embeddable":true,"href":"https:\/\/deisy.se\/index.php?rest_route=%2Fwp%2Fv2%2Fcomments&post=439"}],"version-history":[{"count":0,"href":"https:\/\/deisy.se\/index.php?rest_route=\/wp\/v2\/posts\/439\/revisions"}],"wp:attachment":[{"href":"https:\/\/deisy.se\/index.php?rest_route=%2Fwp%2Fv2%2Fmedia&parent=439"}],"wp:term":[{"taxonomy":"category","embeddable":true,"href":"https:\/\/deisy.se\/index.php?rest_route=%2Fwp%2Fv2%2Fcategories&post=439"},{"taxonomy":"post_tag","embeddable":true,"href":"https:\/\/deisy.se\/index.php?rest_route=%2Fwp%2Fv2%2Ftags&post=439"}],"curies":[{"name":"wp","href":"https:\/\/api.w.org\/{rel}","templated":true}]}}