{"id":433,"date":"2010-04-22T08:54:17","date_gmt":"2010-04-22T07:54:17","guid":{"rendered":"http:\/\/deisy.se\/2010\/04\/22\/sista-gula-dagen\/"},"modified":"2010-04-22T08:54:17","modified_gmt":"2010-04-22T07:54:17","slug":"sista-gula-dagen","status":"publish","type":"post","link":"https:\/\/deisy.se\/?p=433","title":{"rendered":"Sista gula dagen"},"content":{"rendered":"<p align=\"left\">Det har varit lite sv\u00e5rt att skilja sig fr\u00e5n p\u00e5skriset i \u00e5r. Det \u00e4r s\u00e5 charmerande med alla sina fina gr\u00f6na sm\u00e5 blad att vi liksom valde att p\u00e5ska till det lite extra l\u00e4nge. Men nu blir det byte, men n\u00e5gra tips ang\u00e5ende de plagg som varit i f\u00f6nstret, fr\u00e5n h\u00f6ger:<\/p>\n<p><img loading=\"lazy\" decoding=\"async\" src=\"http:\/\/media.deisy.se\/2010\/04\/foto0178.jpg\" height=\"288\" width=\"399\" \/><\/p>\n<p>Ljusgul <a href=\"http:\/\/www.garnstudio.com\/lang\/se\/visoppskrift.php?d_nr=112&amp;d_id=21&amp;lang=se\">kofta <\/a>med kort \u00e4rm i Paris &#8211; sitter urbra p\u00e5 och genom att g\u00f6ra den i Paris blir den b\u00e5de l\u00e4ttsk\u00f6tt och riktigt prisv\u00e4rd.<br \/>\nDen gula\u00a0<a href=\"http:\/\/www.garnstudio.com\/lang\/se\/visoppskrift.php?d_nr=118&amp;d_id=20&amp;lang=se\">boleron <\/a>&#8211; s\u00e5 otroligt rolig att g\u00f6ra! Valde lite andra varianter \u00e4n orginalets f\u00f6r h\u00e4r finns det verkligen utrymme att laborera med garnkvalit\u00e9er. Koftan \u00e4r matchad med <a href=\"http:\/\/www.garnstudio.com\/lang\/se\/visoppskrift.php?d_nr=118&amp;d_id=15&amp;lang=se\">kjol <\/a>i Bomull-Lin som \u00e4r enkel att sticka och sitter v\u00e4ldigt bra p\u00e5.<br \/>\nL\u00e4ngst fram \u00e4r ocks\u00e5 en riktigt bra modell &#8211; stickad i M&amp;K Lin och materialkostnad i storlek medium ca 270.- Stickor nummer 6, endast r\u00e4tstickning och den ensamma knappen kan varieras i det o\u00e4ndliga.<br \/>\n<a href=\"http:\/\/www.garnstudio.com\/lang\/se\/visoppskrift.php?d_nr=118&amp;d_id=1&amp;lang=se\">Kofta <\/a>med gr\u00f6n <a href=\"http:\/\/www.garnstudio.com\/lang\/se\/visoppskrift.php?d_nr=112&amp;d_id=2&amp;lang=se\">sjal <\/a>p\u00e5 axeln &#8211; sitter p\u00e5 utsidan av \u00e5rets Drops katalog 118 och \u00e4r gjord i Bomull-Lin. Garnet passar verkligen modellen f\u00f6r man f\u00e5r till det r\u00e4tta fallet i plagget.<br \/>\n<a href=\"http:\/\/www.garnstudio.com\/lang\/se\/visoppskrift.php?d_nr=119&amp;d_id=6&amp;lang=se\">Kofta <\/a>i Nepal i naturvit &#8211; orginalet \u00e4r gjort i tv\u00e5 tr\u00e5dar Drops Alpaca &#8211; men man kan enkelt anv\u00e4nda t ex Nepal, Paris eller Alaska till denna anv\u00e4ndbara koftkavaj. Under denna \u00e4r det ett l\u00e5ngt <a href=\"http:\/\/www.garnstudio.com\/lang\/se\/visoppskrift.php?d_nr=112&amp;d_id=13&amp;lang=se\">linne <\/a>som kan stickas enf\u00e4rgat eller med det sj\u00e4lvrandande Muskat Soft &#8211; lite klurig att sticka men v\u00e4ldigt rolig att g\u00f6ra.<\/p>\n<p>&#8230;och bara f\u00f6r att det ser s\u00e5 fint ut i hyllan s\u00e5 slank det med en liten Noro bild&#8230;<br \/>\n<img loading=\"lazy\" decoding=\"async\" src=\"http:\/\/media.deisy.se\/2010\/04\/foto0174.jpg\" align=\"middle\" height=\"150\" width=\"392\" \/><\/p>\n","protected":false},"excerpt":{"rendered":"<p>Det har varit lite sv\u00e5rt att skilja sig fr\u00e5n p\u00e5skriset i \u00e5r. Det \u00e4r s\u00e5 charmerande med alla sina fina gr\u00f6na sm\u00e5 blad att vi liksom valde att p\u00e5ska till det lite extra l\u00e4nge. Men nu blir det byte, men n\u00e5gra tips ang\u00e5ende de plagg som varit i f\u00f6nstret, fr\u00e5n h\u00f6ger: Ljusgul kofta med kort [&hellip;]<\/p>\n","protected":false},"author":1,"featured_media":0,"comment_status":"open","ping_status":"open","sticky":false,"template":"","format":"standard","meta":{"_exactmetrics_skip_tracking":false,"_exactmetrics_sitenote_active":false,"_exactmetrics_sitenote_note":"","_exactmetrics_sitenote_category":0,"footnotes":""},"categories":[7,10,9,11],"tags":[],"class_list":["post-433","post","type-post","status-publish","format-standard","hentry","category-deisy-design","category-skyltfonstret","category-stickat","category-sticktips"],"_links":{"self":[{"href":"https:\/\/deisy.se\/index.php?rest_route=\/wp\/v2\/posts\/433"}],"collection":[{"href":"https:\/\/deisy.se\/index.php?rest_route=\/wp\/v2\/posts"}],"about":[{"href":"https:\/\/deisy.se\/index.php?rest_route=\/wp\/v2\/types\/post"}],"author":[{"embeddable":true,"href":"https:\/\/deisy.se\/index.php?rest_route=\/wp\/v2\/users\/1"}],"replies":[{"embeddable":true,"href":"https:\/\/deisy.se\/index.php?rest_route=%2Fwp%2Fv2%2Fcomments&post=433"}],"version-history":[{"count":0,"href":"https:\/\/deisy.se\/index.php?rest_route=\/wp\/v2\/posts\/433\/revisions"}],"wp:attachment":[{"href":"https:\/\/deisy.se\/index.php?rest_route=%2Fwp%2Fv2%2Fmedia&parent=433"}],"wp:term":[{"taxonomy":"category","embeddable":true,"href":"https:\/\/deisy.se\/index.php?rest_route=%2Fwp%2Fv2%2Fcategories&post=433"},{"taxonomy":"post_tag","embeddable":true,"href":"https:\/\/deisy.se\/index.php?rest_route=%2Fwp%2Fv2%2Ftags&post=433"}],"curies":[{"name":"wp","href":"https:\/\/api.w.org\/{rel}","templated":true}]}}