{"id":369,"date":"2009-12-09T00:05:46","date_gmt":"2009-12-08T23:05:46","guid":{"rendered":"http:\/\/deisy.se\/2009\/12\/09\/battre-sent-an-aldrig\/"},"modified":"2009-12-09T00:05:46","modified_gmt":"2009-12-08T23:05:46","slug":"battre-sent-an-aldrig","status":"publish","type":"post","link":"https:\/\/deisy.se\/?p=369","title":{"rendered":"B\u00e4ttre sent \u00e4n aldrig&#8230;"},"content":{"rendered":"<p>Det var ju ett tag sedan jag var p\u00e5 garnm\u00e4ssan i K\u00f6ln <img loading=\"lazy\" decoding=\"async\" src=\"http:\/\/media.deisy.se\/2009\/12\/sticktavling.jpg\" align=\"right\" height=\"389\" width=\"292\" \/>men snubblade just \u00f6ver dessa bilder och m\u00e5ste stoltsera med n\u00e4r jag stickar tillsammans med v\u00e4rldens snabbaste stickare! Det var lite svettigt n\u00e4r man skulle l\u00e4gga upp kan jag s\u00e4ga&#8230; De som inte var tyskar fick s\u00e5 att s\u00e4ga g\u00e4rna delta men inte t\u00e4vla &#8211; nog f\u00f6r att man l\u00e5g bra till men hoppa vad fort det gick! Bockar och bugar f\u00f6r dig <a href=\"http:\/\/www.youtube.com\/watch?v=4HwTFViLR5Y\">Miriam Tegels<\/a>.<\/p>\n<p>V\u00e4ldigt bra koncept kring t\u00e4vlingsstickandet hade de i alla fall t\u00e4nkt ut &#8211; vi skall se om vi kan implementera det till n\u00e4sta <a href=\"http:\/\/www.stickfestivast.se\">SiV<\/a>&#8230;<\/p>\n<p>Roligt \u00e4r det ocks\u00e5 att titta p\u00e5 trender som d\u00e5 var nya och som nu \u00e4r gamla. Tar man sig en titt p\u00e5 vad Lang hade t\u00e4nkt sig inf\u00f6r h\u00f6sten -09 s\u00e5 \u00e4r det i m\u00e5ngt och mycket vad som sitter p\u00e5 stickorna i h\u00f6st: lila, fl\u00e4tor, insv\u00e4ngt och &#8221;v\u00e4lskr\u00e4ddat&#8221;.<\/p>\n<p><img loading=\"lazy\" decoding=\"async\" src=\"http:\/\/media.deisy.se\/2009\/12\/lang.jpg\" height=\"389\" width=\"519\" \/><\/p>\n","protected":false},"excerpt":{"rendered":"<p>Det var ju ett tag sedan jag var p\u00e5 garnm\u00e4ssan i K\u00f6ln men snubblade just \u00f6ver dessa bilder och m\u00e5ste stoltsera med n\u00e4r jag stickar tillsammans med v\u00e4rldens snabbaste stickare! Det var lite svettigt n\u00e4r man skulle l\u00e4gga upp kan jag s\u00e4ga&#8230; De som inte var tyskar fick s\u00e5 att s\u00e4ga g\u00e4rna delta men inte [&hellip;]<\/p>\n","protected":false},"author":1,"featured_media":0,"comment_status":"open","ping_status":"open","sticky":false,"template":"","format":"standard","meta":{"_exactmetrics_skip_tracking":false,"_exactmetrics_sitenote_active":false,"_exactmetrics_sitenote_note":"","_exactmetrics_sitenote_category":0,"footnotes":""},"categories":[7],"tags":[],"class_list":["post-369","post","type-post","status-publish","format-standard","hentry","category-deisy-design"],"_links":{"self":[{"href":"https:\/\/deisy.se\/index.php?rest_route=\/wp\/v2\/posts\/369"}],"collection":[{"href":"https:\/\/deisy.se\/index.php?rest_route=\/wp\/v2\/posts"}],"about":[{"href":"https:\/\/deisy.se\/index.php?rest_route=\/wp\/v2\/types\/post"}],"author":[{"embeddable":true,"href":"https:\/\/deisy.se\/index.php?rest_route=\/wp\/v2\/users\/1"}],"replies":[{"embeddable":true,"href":"https:\/\/deisy.se\/index.php?rest_route=%2Fwp%2Fv2%2Fcomments&post=369"}],"version-history":[{"count":0,"href":"https:\/\/deisy.se\/index.php?rest_route=\/wp\/v2\/posts\/369\/revisions"}],"wp:attachment":[{"href":"https:\/\/deisy.se\/index.php?rest_route=%2Fwp%2Fv2%2Fmedia&parent=369"}],"wp:term":[{"taxonomy":"category","embeddable":true,"href":"https:\/\/deisy.se\/index.php?rest_route=%2Fwp%2Fv2%2Fcategories&post=369"},{"taxonomy":"post_tag","embeddable":true,"href":"https:\/\/deisy.se\/index.php?rest_route=%2Fwp%2Fv2%2Ftags&post=369"}],"curies":[{"name":"wp","href":"https:\/\/api.w.org\/{rel}","templated":true}]}}