{"id":326,"date":"2009-10-08T17:51:04","date_gmt":"2009-10-08T16:51:04","guid":{"rendered":"http:\/\/deisy.se\/2009\/10\/08\/solig-dag-pa-avenyninte\/"},"modified":"2009-10-08T17:51:04","modified_gmt":"2009-10-08T16:51:04","slug":"solig-dag-pa-avenyninte","status":"publish","type":"post","link":"https:\/\/deisy.se\/?p=326","title":{"rendered":"Solig dag p\u00e5 Avenyn&#8230;inte&#8230;"},"content":{"rendered":"<p>Klarbl\u00e5 sensommar himmel \u00f6ver G\u00f6teborg&#8230;ja, det var det inte idag n\u00e4r <img loading=\"lazy\" decoding=\"async\" src=\"http:\/\/media.deisy.se\/2009\/10\/dscn42412.jpg\" align=\"right\" height=\"256\" width=\"192\" \/>det \u00f6msom haglade och \u00f6msom sp\u00f6regnade. Men man kan ju minnas och dr\u00f6mma&#8230; D\u00e4remot vill vi l\u00e4gga in en liten brasklapp om att vi varken har flyttat eller st\u00e4ngt &#8211; det p\u00e5g\u00e5r dock ett massivt fasadunderh\u00e5ll p\u00e5 v\u00e5r byggnad och vi \u00e4r d\u00e4rf\u00f6r snart helt inkapslade i byggnadsst\u00e4llningar. Hela h\u00f6sten finns vi h\u00e4r&#8230;om \u00e4n lite, vi kan v\u00e4l kalla det, skymda.<\/p>\n<p><img loading=\"lazy\" decoding=\"async\" src=\"http:\/\/media.deisy.se\/2009\/10\/dscn4202.jpg\" align=\"left\" height=\"282\" width=\"228\" \/>Ni som har v\u00e4ntat p\u00e5 ett par f\u00e4rger i Zauberball kan nu f\u00e5 ert lystm\u00e4te f\u00f6r idag kom \u00e4ven alla de f\u00e4rger som varit slut hos leverant\u00f6ren ett tag. Garnet passar f\u00f6r strumpor, babyplagg, vuxenplagg, vantar och naturligtvis sjalar. H\u00e4r en variant d\u00e4r vi med enkel &#8221;halvribb&#8221; stickat ihop det med tunn mohair (Vivaldi) och gjort kanten i endast Zauberball.<\/p>\n","protected":false},"excerpt":{"rendered":"<p>Klarbl\u00e5 sensommar himmel \u00f6ver G\u00f6teborg&#8230;ja, det var det inte idag n\u00e4r det \u00f6msom haglade och \u00f6msom sp\u00f6regnade. Men man kan ju minnas och dr\u00f6mma&#8230; D\u00e4remot vill vi l\u00e4gga in en liten brasklapp om att vi varken har flyttat eller st\u00e4ngt &#8211; det p\u00e5g\u00e5r dock ett massivt fasadunderh\u00e5ll p\u00e5 v\u00e5r byggnad och vi \u00e4r d\u00e4rf\u00f6r snart [&hellip;]<\/p>\n","protected":false},"author":1,"featured_media":0,"comment_status":"open","ping_status":"open","sticky":false,"template":"","format":"standard","meta":{"_exactmetrics_skip_tracking":false,"_exactmetrics_sitenote_active":false,"_exactmetrics_sitenote_note":"","_exactmetrics_sitenote_category":0,"footnotes":""},"categories":[7,11],"tags":[],"class_list":["post-326","post","type-post","status-publish","format-standard","hentry","category-deisy-design","category-sticktips"],"_links":{"self":[{"href":"https:\/\/deisy.se\/index.php?rest_route=\/wp\/v2\/posts\/326"}],"collection":[{"href":"https:\/\/deisy.se\/index.php?rest_route=\/wp\/v2\/posts"}],"about":[{"href":"https:\/\/deisy.se\/index.php?rest_route=\/wp\/v2\/types\/post"}],"author":[{"embeddable":true,"href":"https:\/\/deisy.se\/index.php?rest_route=\/wp\/v2\/users\/1"}],"replies":[{"embeddable":true,"href":"https:\/\/deisy.se\/index.php?rest_route=%2Fwp%2Fv2%2Fcomments&post=326"}],"version-history":[{"count":0,"href":"https:\/\/deisy.se\/index.php?rest_route=\/wp\/v2\/posts\/326\/revisions"}],"wp:attachment":[{"href":"https:\/\/deisy.se\/index.php?rest_route=%2Fwp%2Fv2%2Fmedia&parent=326"}],"wp:term":[{"taxonomy":"category","embeddable":true,"href":"https:\/\/deisy.se\/index.php?rest_route=%2Fwp%2Fv2%2Fcategories&post=326"},{"taxonomy":"post_tag","embeddable":true,"href":"https:\/\/deisy.se\/index.php?rest_route=%2Fwp%2Fv2%2Ftags&post=326"}],"curies":[{"name":"wp","href":"https:\/\/api.w.org\/{rel}","templated":true}]}}