{"id":321,"date":"2009-08-27T11:12:42","date_gmt":"2009-08-27T10:12:42","guid":{"rendered":"http:\/\/deisy.se\/2009\/08\/27\/drops-baby-merino\/"},"modified":"2009-08-27T11:12:42","modified_gmt":"2009-08-27T10:12:42","slug":"drops-baby-merino","status":"publish","type":"post","link":"https:\/\/deisy.se\/?p=321","title":{"rendered":"Drops Baby Merino"},"content":{"rendered":"<p><img loading=\"lazy\" decoding=\"async\" src=\"http:\/\/media.deisy.se\/2009\/08\/babymerino.jpg\" align=\"left\" height=\"380\" width=\"279\" \/>Skrev helt kort h\u00e4romdagen att Drops nya Baby Merino skulle komma &#8211; och nu\u00a0ligger den s\u00e5 intagande i hyllan (precis bredvid skymtar <a href=\"http:\/\/onion.dk\/\">Baroque <\/a>som \u00e4r ett suver\u00e4nt garn som man vill ha en sjal i blandade garner och matchande f\u00e4rger med minsta m\u00f6jliga antalet tr\u00e5dar att f\u00e4sta).<\/p>\n<p>Helt klart \u00e4r att om man har en lust att g\u00e5 loss p\u00e5 ljuva pasteller s\u00e5 har man i den kvalit\u00e9n kommit till r\u00e4tt st\u00e4lle. Vi var t-v-u-g-n-a att genast l\u00e4gga upp f\u00f6r en liten <a href=\"http:\/\/garnstudio.com\/lang\/se\/visoppskrift.php?d_nr=b16&amp;d_id=10&amp;lang=se\">lusetr\u00f6ja <\/a>i vit med alla de rosa f\u00e4rgerna i m\u00f6nsterb\u00e5rd. (Den stickas p\u00e5 rundsticka s\u00e5 det \u00e4r minimalt med montering&#8230;)<\/p>\n","protected":false},"excerpt":{"rendered":"<p>Skrev helt kort h\u00e4romdagen att Drops nya Baby Merino skulle komma &#8211; och nu\u00a0ligger den s\u00e5 intagande i hyllan (precis bredvid skymtar Baroque som \u00e4r ett suver\u00e4nt garn som man vill ha en sjal i blandade garner och matchande f\u00e4rger med minsta m\u00f6jliga antalet tr\u00e5dar att f\u00e4sta). Helt klart \u00e4r att om man har en [&hellip;]<\/p>\n","protected":false},"author":1,"featured_media":0,"comment_status":"open","ping_status":"open","sticky":false,"template":"","format":"standard","meta":{"_exactmetrics_skip_tracking":false,"_exactmetrics_sitenote_active":false,"_exactmetrics_sitenote_note":"","_exactmetrics_sitenote_category":0,"footnotes":""},"categories":[13,5],"tags":[],"class_list":["post-321","post","type-post","status-publish","format-standard","hentry","category-garnstudio","category-nytt-i-hyllan"],"_links":{"self":[{"href":"https:\/\/deisy.se\/index.php?rest_route=\/wp\/v2\/posts\/321"}],"collection":[{"href":"https:\/\/deisy.se\/index.php?rest_route=\/wp\/v2\/posts"}],"about":[{"href":"https:\/\/deisy.se\/index.php?rest_route=\/wp\/v2\/types\/post"}],"author":[{"embeddable":true,"href":"https:\/\/deisy.se\/index.php?rest_route=\/wp\/v2\/users\/1"}],"replies":[{"embeddable":true,"href":"https:\/\/deisy.se\/index.php?rest_route=%2Fwp%2Fv2%2Fcomments&post=321"}],"version-history":[{"count":0,"href":"https:\/\/deisy.se\/index.php?rest_route=\/wp\/v2\/posts\/321\/revisions"}],"wp:attachment":[{"href":"https:\/\/deisy.se\/index.php?rest_route=%2Fwp%2Fv2%2Fmedia&parent=321"}],"wp:term":[{"taxonomy":"category","embeddable":true,"href":"https:\/\/deisy.se\/index.php?rest_route=%2Fwp%2Fv2%2Fcategories&post=321"},{"taxonomy":"post_tag","embeddable":true,"href":"https:\/\/deisy.se\/index.php?rest_route=%2Fwp%2Fv2%2Ftags&post=321"}],"curies":[{"name":"wp","href":"https:\/\/api.w.org\/{rel}","templated":true}]}}