{"id":304,"date":"2009-07-22T00:22:46","date_gmt":"2009-07-21T23:22:46","guid":{"rendered":"http:\/\/deisy.se\/2009\/07\/22\/gront-ar-skont\/"},"modified":"2009-07-22T00:22:46","modified_gmt":"2009-07-21T23:22:46","slug":"gront-ar-skont","status":"publish","type":"post","link":"https:\/\/deisy.se\/?p=304","title":{"rendered":"Gr\u00f6nt \u00e4r sk\u00f6nt"},"content":{"rendered":"<p>Tycker verkligen att det \u00e4r n\u00e5got visst med att sticka i gr\u00f6nt. Eller s\u00e5 \u00e4r det kanske det att det s\u00e5 m\u00e5nga fina nyanser&#8230;<\/p>\n<p>H\u00e4r \u00e4r det ett Garnstudio m\u00f6nster som anv\u00e4nts och stickats <img loading=\"lazy\" decoding=\"async\" src=\"http:\/\/media.deisy.se\/2009\/07\/artyarns1.jpg\" align=\"right\" height=\"283\" width=\"232\" \/>r\u00e4tt upp och ned &#8211; fast naturligtvis med lite sm\u00e5, sm\u00e5 \u00e4ndringar. Ist\u00e4llet f\u00f6r Vienna har Drops Symphony anv\u00e4nts och ist\u00e4llet f\u00f6r att ha samma garn hela tiden s\u00e5 har jag i b\u00f6rjan, dvs den nedre m\u00f6nsterb\u00e5rden, anv\u00e4nt superlyxiga &#8221;Beaded Mohair &amp; Sequins&#8221; fr\u00e5n <a href=\"http:\/\/www.artyarns.com\/\">ArtYarns<\/a>\u00a0samt att det \u00e4r stickat med ett nummer mindre p\u00e5 stickan \u00e4n i orginal. Det blir en oerh\u00f6rd fin tyngd i plagget &#8211; det hj\u00e4lper b\u00e5da garnerna till med &#8211; och ett helt annat fall \u00e4n vad som \u00e4r fallet med Viennan i <a href=\"http:\/\/garnstudio.com\/lang\/se\/visoppskrift.php?d_nr=112&amp;d_id=31&amp;lang=se\">orginalplagget<\/a>. Eftersom det fanns ett par meter p\u00e4rl\/paljett garn kvar s\u00e5 virkades en liten kant med detta runt ringningen. En v\u00e4ldigt rolig sak att sticka!<\/p>\n<p>(Under ponchon skymtar fina koftan i Allino &#8211;\u00a0trevlig linkvalit\u00e9 i 50% lin och 50% bomull &#8211; finns i m\u00e5nga vackra f\u00e4rger.)<\/p>\n","protected":false},"excerpt":{"rendered":"<p>Tycker verkligen att det \u00e4r n\u00e5got visst med att sticka i gr\u00f6nt. Eller s\u00e5 \u00e4r det kanske det att det s\u00e5 m\u00e5nga fina nyanser&#8230; H\u00e4r \u00e4r det ett Garnstudio m\u00f6nster som anv\u00e4nts och stickats r\u00e4tt upp och ned &#8211; fast naturligtvis med lite sm\u00e5, sm\u00e5 \u00e4ndringar. Ist\u00e4llet f\u00f6r Vienna har Drops Symphony anv\u00e4nts och ist\u00e4llet [&hellip;]<\/p>\n","protected":false},"author":1,"featured_media":0,"comment_status":"open","ping_status":"open","sticky":false,"template":"","format":"standard","meta":{"_exactmetrics_skip_tracking":false,"_exactmetrics_sitenote_active":false,"_exactmetrics_sitenote_note":"","_exactmetrics_sitenote_category":0,"footnotes":""},"categories":[9],"tags":[],"class_list":["post-304","post","type-post","status-publish","format-standard","hentry","category-stickat"],"_links":{"self":[{"href":"https:\/\/deisy.se\/index.php?rest_route=\/wp\/v2\/posts\/304"}],"collection":[{"href":"https:\/\/deisy.se\/index.php?rest_route=\/wp\/v2\/posts"}],"about":[{"href":"https:\/\/deisy.se\/index.php?rest_route=\/wp\/v2\/types\/post"}],"author":[{"embeddable":true,"href":"https:\/\/deisy.se\/index.php?rest_route=\/wp\/v2\/users\/1"}],"replies":[{"embeddable":true,"href":"https:\/\/deisy.se\/index.php?rest_route=%2Fwp%2Fv2%2Fcomments&post=304"}],"version-history":[{"count":0,"href":"https:\/\/deisy.se\/index.php?rest_route=\/wp\/v2\/posts\/304\/revisions"}],"wp:attachment":[{"href":"https:\/\/deisy.se\/index.php?rest_route=%2Fwp%2Fv2%2Fmedia&parent=304"}],"wp:term":[{"taxonomy":"category","embeddable":true,"href":"https:\/\/deisy.se\/index.php?rest_route=%2Fwp%2Fv2%2Fcategories&post=304"},{"taxonomy":"post_tag","embeddable":true,"href":"https:\/\/deisy.se\/index.php?rest_route=%2Fwp%2Fv2%2Ftags&post=304"}],"curies":[{"name":"wp","href":"https:\/\/api.w.org\/{rel}","templated":true}]}}