{"id":294,"date":"2009-07-10T22:54:58","date_gmt":"2009-07-10T21:54:58","guid":{"rendered":"http:\/\/deisy.se\/2009\/07\/10\/ja-da-var-det-lite-reatips-igen\/"},"modified":"2009-07-10T22:54:58","modified_gmt":"2009-07-10T21:54:58","slug":"ja-da-var-det-lite-reatips-igen","status":"publish","type":"post","link":"https:\/\/deisy.se\/?p=294","title":{"rendered":"Ja d\u00e5 var det lite reatips igen&#8230;"},"content":{"rendered":"<p>I p\u00e5g\u00e5ende sommargarnsrea s\u00e5 finns det en sak som man verkligen<img loading=\"lazy\" decoding=\"async\" src=\"http:\/\/media.deisy.se\/2009\/07\/gryt.jpg\" align=\"right\" height=\"343\" width=\"227\" \/> kan passa p\u00e5 att g\u00f6ra: virka\/sticka roliga grytlappar! \u00c4ven om man g\u00e5r loss p\u00e5 m\u00e5nga olika f\u00e4rger s\u00e5 blir det hela v\u00e4ldigt prisv\u00e4rt. H\u00e4r \u00e4r det stickat i glada f\u00e4rger i Paris p\u00e5 en 40 cm rundsticka och d\u00e4refter virkat runt lappen med lite mer f\u00e4rg. G\u00f6r man det s\u00e5 h\u00e4r: i Paris och flerf\u00e4rgsstickning s\u00e5 blir det en riktigt tjock och effektiv grytlapp. Fem\u00a0f\u00e4rger \u00e4r anv\u00e4nda och d\u00e5 r\u00e4cker garnet till ett par. F\u00e5r v\u00e4l kategoriseras som ett WIP d\u00e5 det \u00e4r lite tr\u00e5dar kvar att f\u00e4sta&#8230;<\/p>\n<p>Lite mer detaljerat m\u00f6nster &#8211; om man skulle vilja sticka in t ex katter i rader eller lite mer &#8221;sm\u00e5tt&#8221; motiv &#8211; d\u00e5 \u00e4r Safran det b\u00e4sta alternativet.<\/p>\n<p>Naturligtvis s\u00e5 kan ju grytlappen dessutom vara rund, triangelformad eller inte alls stickad utan traditionellt virkad. Virkar man med fasta maskor men tar endast i ena b\u00e5gen p\u00e5 efterf\u00f6ljande varv f\u00e5r man en fin randningseffekt. Har gjort det i t ex Debbie Bliss &#8221;Eco&#8221; som blev v\u00e4ldigt bra&#8230;.just den grytlappen finns f\u00f6r tillf\u00e4llet just nu i Marstrandsbutiken. D\u00e4remot finns m\u00f6nstret p\u00e5 den nu bland v\u00e5ra <a href=\"http:\/\/deisydesign.nu\/gratis.htm\">gratism\u00f6nster<\/a>.<\/p>\n","protected":false},"excerpt":{"rendered":"<p>I p\u00e5g\u00e5ende sommargarnsrea s\u00e5 finns det en sak som man verkligen kan passa p\u00e5 att g\u00f6ra: virka\/sticka roliga grytlappar! \u00c4ven om man g\u00e5r loss p\u00e5 m\u00e5nga olika f\u00e4rger s\u00e5 blir det hela v\u00e4ldigt prisv\u00e4rt. H\u00e4r \u00e4r det stickat i glada f\u00e4rger i Paris p\u00e5 en 40 cm rundsticka och d\u00e4refter virkat runt lappen med lite [&hellip;]<\/p>\n","protected":false},"author":1,"featured_media":0,"comment_status":"open","ping_status":"open","sticky":false,"template":"","format":"standard","meta":{"_exactmetrics_skip_tracking":false,"_exactmetrics_sitenote_active":false,"_exactmetrics_sitenote_note":"","_exactmetrics_sitenote_category":0,"footnotes":""},"categories":[19,15],"tags":[],"class_list":["post-294","post","type-post","status-publish","format-standard","hentry","category-rea","category-wip"],"_links":{"self":[{"href":"https:\/\/deisy.se\/index.php?rest_route=\/wp\/v2\/posts\/294"}],"collection":[{"href":"https:\/\/deisy.se\/index.php?rest_route=\/wp\/v2\/posts"}],"about":[{"href":"https:\/\/deisy.se\/index.php?rest_route=\/wp\/v2\/types\/post"}],"author":[{"embeddable":true,"href":"https:\/\/deisy.se\/index.php?rest_route=\/wp\/v2\/users\/1"}],"replies":[{"embeddable":true,"href":"https:\/\/deisy.se\/index.php?rest_route=%2Fwp%2Fv2%2Fcomments&post=294"}],"version-history":[{"count":0,"href":"https:\/\/deisy.se\/index.php?rest_route=\/wp\/v2\/posts\/294\/revisions"}],"wp:attachment":[{"href":"https:\/\/deisy.se\/index.php?rest_route=%2Fwp%2Fv2%2Fmedia&parent=294"}],"wp:term":[{"taxonomy":"category","embeddable":true,"href":"https:\/\/deisy.se\/index.php?rest_route=%2Fwp%2Fv2%2Fcategories&post=294"},{"taxonomy":"post_tag","embeddable":true,"href":"https:\/\/deisy.se\/index.php?rest_route=%2Fwp%2Fv2%2Ftags&post=294"}],"curies":[{"name":"wp","href":"https:\/\/api.w.org\/{rel}","templated":true}]}}