{"id":2676,"date":"2018-12-16T14:16:20","date_gmt":"2018-12-16T13:16:20","guid":{"rendered":"http:\/\/deisy.se\/?p=2676"},"modified":"2018-12-18T07:33:19","modified_gmt":"2018-12-18T06:33:19","slug":"lucka-16-lago-maggiore","status":"publish","type":"post","link":"https:\/\/deisy.se\/?p=2676","title":{"rendered":"Lucka 16: Lago Maggiore"},"content":{"rendered":"<p>P\u00e5 v\u00e5rt senaste Stickfest i V\u00e4st evenemang s\u00e5 var det \u00e5terigen dags att \u201dSticka till Italien\u201d. 30 personer fr\u00e5n olika delar av Skandinavien sammanstr\u00e5lade p\u00e5 flygplatsen i Milano och tillsammans hade vi ett par underbara dagar &#8211; fyllda med allt fr\u00e5n att se garnproduktion till att baka pizza.<\/p>\n<p>P\u00e5 v\u00e5ra stickresor s\u00e5 f\u00e5r alla deltagare en liten KAL (knit-along) &#8211; material till en specialdesignad pulsv\u00e4rmare som man om man vill kan sticka tillsammans under resan. Denna design, som heter: \u201dLago Maggiore\u201d, fick deltagarna p\u00e5 senaste resan och den inneh\u00e5ller ett par klurigheter, kr\u00e4ver lite t\u00e5lamod att f\u00e4rdigst\u00e4lla men \u00e4r kul att sticka. Kr\u00e4ver inte s\u00e5 mycket material s\u00e5 kan dessutom g\u00f6ra att du blir av med ett par restgarner.<\/p>\n<p>M\u00f6nstret ligger gratis h\u00e4r p\u00e5 bloggen till och med imorgon m\u00e5ndag &#8211; d\u00e4refter g\u00e5r det sj\u00e4lvklart att k\u00f6pa det i butiken.<\/p>\n<p><a href=\"http:\/\/media.deisy.se\/2018\/12\/B0AF5333-AD15-41E9-834E-2CBAF03A5638.jpeg\"><img loading=\"lazy\" decoding=\"async\" class=\"aligncenter size-large wp-image-2677\" src=\"http:\/\/media.deisy.se\/2018\/12\/B0AF5333-AD15-41E9-834E-2CBAF03A5638-819x1024.jpeg\" alt=\"\" width=\"584\" height=\"730\" srcset=\"http:\/\/media.deisy.se\/2018\/12\/B0AF5333-AD15-41E9-834E-2CBAF03A5638-819x1024.jpeg 819w, http:\/\/media.deisy.se\/2018\/12\/B0AF5333-AD15-41E9-834E-2CBAF03A5638-240x300.jpeg 240w, http:\/\/media.deisy.se\/2018\/12\/B0AF5333-AD15-41E9-834E-2CBAF03A5638-768x960.jpeg 768w\" sizes=\"(max-width: 584px) 100vw, 584px\" \/><\/a><\/p>\n<p>&nbsp;<\/p>\n","protected":false},"excerpt":{"rendered":"<p>P\u00e5 v\u00e5rt senaste Stickfest i V\u00e4st evenemang s\u00e5 var det \u00e5terigen dags att \u201dSticka till Italien\u201d. 30 personer fr\u00e5n olika delar av Skandinavien sammanstr\u00e5lade p\u00e5 flygplatsen i Milano och tillsammans hade vi ett par underbara dagar &#8211; fyllda med allt fr\u00e5n att se garnproduktion till att baka pizza. P\u00e5 v\u00e5ra stickresor s\u00e5 f\u00e5r alla deltagare [&hellip;]<\/p>\n","protected":false},"author":1,"featured_media":0,"comment_status":"open","ping_status":"open","sticky":false,"template":"","format":"standard","meta":{"_exactmetrics_skip_tracking":false,"_exactmetrics_sitenote_active":false,"_exactmetrics_sitenote_note":"","_exactmetrics_sitenote_category":0,"footnotes":""},"categories":[56],"tags":[],"class_list":["post-2676","post","type-post","status-publish","format-standard","hentry","category-julkalender2018"],"_links":{"self":[{"href":"https:\/\/deisy.se\/index.php?rest_route=\/wp\/v2\/posts\/2676"}],"collection":[{"href":"https:\/\/deisy.se\/index.php?rest_route=\/wp\/v2\/posts"}],"about":[{"href":"https:\/\/deisy.se\/index.php?rest_route=\/wp\/v2\/types\/post"}],"author":[{"embeddable":true,"href":"https:\/\/deisy.se\/index.php?rest_route=\/wp\/v2\/users\/1"}],"replies":[{"embeddable":true,"href":"https:\/\/deisy.se\/index.php?rest_route=%2Fwp%2Fv2%2Fcomments&post=2676"}],"version-history":[{"count":4,"href":"https:\/\/deisy.se\/index.php?rest_route=\/wp\/v2\/posts\/2676\/revisions"}],"predecessor-version":[{"id":2691,"href":"https:\/\/deisy.se\/index.php?rest_route=\/wp\/v2\/posts\/2676\/revisions\/2691"}],"wp:attachment":[{"href":"https:\/\/deisy.se\/index.php?rest_route=%2Fwp%2Fv2%2Fmedia&parent=2676"}],"wp:term":[{"taxonomy":"category","embeddable":true,"href":"https:\/\/deisy.se\/index.php?rest_route=%2Fwp%2Fv2%2Fcategories&post=2676"},{"taxonomy":"post_tag","embeddable":true,"href":"https:\/\/deisy.se\/index.php?rest_route=%2Fwp%2Fv2%2Ftags&post=2676"}],"curies":[{"name":"wp","href":"https:\/\/api.w.org\/{rel}","templated":true}]}}