{"id":2662,"date":"2018-12-13T00:01:23","date_gmt":"2018-12-12T23:01:23","guid":{"rendered":"http:\/\/deisy.se\/?p=2662"},"modified":"2018-12-12T21:17:01","modified_gmt":"2018-12-12T20:17:01","slug":"lucka-13-lucia-glitter","status":"publish","type":"post","link":"https:\/\/deisy.se\/?p=2662","title":{"rendered":"Lucka 13: Lucia-glitter!"},"content":{"rendered":"<p>Som vanligt s\u00e5 skall det glittra lite extra om lucka 13. &#x1f4ab;<\/p>\n<p>Idag, 181213, ger vi 25% rabatt p\u00e5 \u201dGatsby\u201d fr\u00e5n Katia yarns. Finns i ett urval f\u00e4rger.<\/p>\n<p>Idag: 56:-\/nystan (118 meter). Ord pris 75:-.<\/p>\n<p><a href=\"http:\/\/media.deisy.se\/2018\/12\/5ABF4EE1-C7A5-4021-8040-C3E0D74CC282.jpeg\"><img loading=\"lazy\" decoding=\"async\" class=\"aligncenter size-full wp-image-2665\" src=\"http:\/\/media.deisy.se\/2018\/12\/5ABF4EE1-C7A5-4021-8040-C3E0D74CC282.jpeg\" alt=\"\" width=\"731\" height=\"756\" srcset=\"http:\/\/media.deisy.se\/2018\/12\/5ABF4EE1-C7A5-4021-8040-C3E0D74CC282.jpeg 731w, http:\/\/media.deisy.se\/2018\/12\/5ABF4EE1-C7A5-4021-8040-C3E0D74CC282-290x300.jpeg 290w\" sizes=\"(max-width: 731px) 100vw, 731px\" \/><\/a><\/p>\n<p>Erbjudandet g\u00e4ller endast 181213, i butiken p\u00e5 Avenyn och g\u00e5r ej att kombinera med andra erbjudanden eller rabatter.<\/p>\n","protected":false},"excerpt":{"rendered":"<p>Som vanligt s\u00e5 skall det glittra lite extra om lucka 13. &#x1f4ab; Idag, 181213, ger vi 25% rabatt p\u00e5 \u201dGatsby\u201d fr\u00e5n Katia yarns. Finns i ett urval f\u00e4rger. Idag: 56:-\/nystan (118 meter). Ord pris 75:-. Erbjudandet g\u00e4ller endast 181213, i butiken p\u00e5 Avenyn och g\u00e5r ej att kombinera med andra erbjudanden eller rabatter.<\/p>\n","protected":false},"author":1,"featured_media":0,"comment_status":"open","ping_status":"open","sticky":false,"template":"","format":"standard","meta":{"_exactmetrics_skip_tracking":false,"_exactmetrics_sitenote_active":false,"_exactmetrics_sitenote_note":"","_exactmetrics_sitenote_category":0,"footnotes":""},"categories":[56],"tags":[],"class_list":["post-2662","post","type-post","status-publish","format-standard","hentry","category-julkalender2018"],"_links":{"self":[{"href":"https:\/\/deisy.se\/index.php?rest_route=\/wp\/v2\/posts\/2662"}],"collection":[{"href":"https:\/\/deisy.se\/index.php?rest_route=\/wp\/v2\/posts"}],"about":[{"href":"https:\/\/deisy.se\/index.php?rest_route=\/wp\/v2\/types\/post"}],"author":[{"embeddable":true,"href":"https:\/\/deisy.se\/index.php?rest_route=\/wp\/v2\/users\/1"}],"replies":[{"embeddable":true,"href":"https:\/\/deisy.se\/index.php?rest_route=%2Fwp%2Fv2%2Fcomments&post=2662"}],"version-history":[{"count":2,"href":"https:\/\/deisy.se\/index.php?rest_route=\/wp\/v2\/posts\/2662\/revisions"}],"predecessor-version":[{"id":2666,"href":"https:\/\/deisy.se\/index.php?rest_route=\/wp\/v2\/posts\/2662\/revisions\/2666"}],"wp:attachment":[{"href":"https:\/\/deisy.se\/index.php?rest_route=%2Fwp%2Fv2%2Fmedia&parent=2662"}],"wp:term":[{"taxonomy":"category","embeddable":true,"href":"https:\/\/deisy.se\/index.php?rest_route=%2Fwp%2Fv2%2Fcategories&post=2662"},{"taxonomy":"post_tag","embeddable":true,"href":"https:\/\/deisy.se\/index.php?rest_route=%2Fwp%2Fv2%2Ftags&post=2662"}],"curies":[{"name":"wp","href":"https:\/\/api.w.org\/{rel}","templated":true}]}}