{"id":2374,"date":"2016-12-21T06:30:20","date_gmt":"2016-12-21T05:30:20","guid":{"rendered":"http:\/\/deisy.se\/?p=2374"},"modified":"2016-12-20T20:35:55","modified_gmt":"2016-12-20T19:35:55","slug":"lucka-21-julhelgsstickning","status":"publish","type":"post","link":"https:\/\/deisy.se\/?p=2374","title":{"rendered":"Lucka 21: Julhelgsstickning?!?"},"content":{"rendered":"<p>I dagens lucka ger vi ett pangpris p\u00e5 Raggsocksgarn fr\u00e5n Svarta F\u00e5ret: &#8221;Ta 3 betala f\u00f6r 2!&#8221; M\u00e5nga sm\u00e5 nissar b\u00f6rjar samla ihop sig inf\u00f6r stundande helgdagar &#8211; kanske \u00e4r du en av dem som bara vill ha n\u00e5got trevligt att sticka p\u00e5 till helgen&#8230;eller s\u00e5 tillh\u00f6r du dem som med blixtens hastighet fixar fram ett par sockar till n\u00e5gons klapp. Ordinarie pris \u00e4r 35:-\/nystan och idag f\u00e5r du allts\u00e5 3 nystan f\u00f6r 70:- vilket \u00e4r lagom till vuxenstorlek.<\/p>\n<p>Det finns fler f\u00e4rger \u00e4n de p\u00e5 bilden i butiken &#8211; men erbjudandet g\u00e4ller endast idag den 21\/12, innevarande lager och g\u00e5r ej att kombinera med andra erbjudanden eller rabatter.<\/p>\n<p>Och Christina Holmstrand som deltog i s\u00f6ndagens utlottning via v\u00e5r Facebook-sida vann s\u00f6ndagens &#8221;garn-krans&#8221; i bl\u00e5tt och gr\u00f6nt.<\/p>\n<p><a href=\"http:\/\/media.deisy.se\/2016\/12\/IMG_2037.jpg\"><img loading=\"lazy\" decoding=\"async\" class=\"aligncenter wp-image-2375\" src=\"http:\/\/media.deisy.se\/2016\/12\/IMG_2037-575x1024.jpg\" alt=\"\" width=\"347\" height=\"613\" \/><\/a><\/p>\n","protected":false},"excerpt":{"rendered":"<p>I dagens lucka ger vi ett pangpris p\u00e5 Raggsocksgarn fr\u00e5n Svarta F\u00e5ret: &#8221;Ta 3 betala f\u00f6r 2!&#8221; M\u00e5nga sm\u00e5 nissar b\u00f6rjar samla ihop sig inf\u00f6r stundande helgdagar &#8211; kanske \u00e4r du en av dem som bara vill ha n\u00e5got trevligt att sticka p\u00e5 till helgen&#8230;eller s\u00e5 tillh\u00f6r du dem som med blixtens hastighet fixar fram [&hellip;]<\/p>\n","protected":false},"author":1,"featured_media":0,"comment_status":"open","ping_status":"open","sticky":false,"template":"","format":"standard","meta":{"_exactmetrics_skip_tracking":false,"_exactmetrics_sitenote_active":false,"_exactmetrics_sitenote_note":"","_exactmetrics_sitenote_category":0,"footnotes":""},"categories":[53],"tags":[],"class_list":["post-2374","post","type-post","status-publish","format-standard","hentry","category-julkalender-2016"],"_links":{"self":[{"href":"https:\/\/deisy.se\/index.php?rest_route=\/wp\/v2\/posts\/2374"}],"collection":[{"href":"https:\/\/deisy.se\/index.php?rest_route=\/wp\/v2\/posts"}],"about":[{"href":"https:\/\/deisy.se\/index.php?rest_route=\/wp\/v2\/types\/post"}],"author":[{"embeddable":true,"href":"https:\/\/deisy.se\/index.php?rest_route=\/wp\/v2\/users\/1"}],"replies":[{"embeddable":true,"href":"https:\/\/deisy.se\/index.php?rest_route=%2Fwp%2Fv2%2Fcomments&post=2374"}],"version-history":[{"count":2,"href":"https:\/\/deisy.se\/index.php?rest_route=\/wp\/v2\/posts\/2374\/revisions"}],"predecessor-version":[{"id":2377,"href":"https:\/\/deisy.se\/index.php?rest_route=\/wp\/v2\/posts\/2374\/revisions\/2377"}],"wp:attachment":[{"href":"https:\/\/deisy.se\/index.php?rest_route=%2Fwp%2Fv2%2Fmedia&parent=2374"}],"wp:term":[{"taxonomy":"category","embeddable":true,"href":"https:\/\/deisy.se\/index.php?rest_route=%2Fwp%2Fv2%2Fcategories&post=2374"},{"taxonomy":"post_tag","embeddable":true,"href":"https:\/\/deisy.se\/index.php?rest_route=%2Fwp%2Fv2%2Ftags&post=2374"}],"curies":[{"name":"wp","href":"https:\/\/api.w.org\/{rel}","templated":true}]}}