{"id":2345,"date":"2016-12-17T06:30:15","date_gmt":"2016-12-17T05:30:15","guid":{"rendered":"http:\/\/deisy.se\/?p=2345"},"modified":"2016-12-16T17:20:19","modified_gmt":"2016-12-16T16:20:19","slug":"lucka-17-nar-man-behover-bara-en-liten-bit","status":"publish","type":"post","link":"https:\/\/deisy.se\/?p=2345","title":{"rendered":"Lucka 17: N\u00e4r man beh\u00f6ver bara en liten bit&#8230;"},"content":{"rendered":"<p style=\"text-align: left;\"><a href=\"http:\/\/media.deisy.se\/2016\/12\/BeFunky-Collage.jpg\"><img loading=\"lazy\" decoding=\"async\" class=\"size-medium wp-image-2348 alignright\" src=\"http:\/\/media.deisy.se\/2016\/12\/BeFunky-Collage-170x300.jpg\" alt=\"\" width=\"170\" height=\"300\" srcset=\"http:\/\/media.deisy.se\/2016\/12\/BeFunky-Collage-170x300.jpg 170w, http:\/\/media.deisy.se\/2016\/12\/BeFunky-Collage-768x1356.jpg 768w, http:\/\/media.deisy.se\/2016\/12\/BeFunky-Collage-580x1024.jpg 580w, http:\/\/media.deisy.se\/2016\/12\/BeFunky-Collage.jpg 2000w\" sizes=\"(max-width: 170px) 100vw, 170px\" \/><\/a>Ibland saknar man ju bara ett par meter till en kant, till broderiet p\u00e5 lovikka-vantar, till ett par \u00f6gon, till ett litet hj\u00e4rta, till glasyren p\u00e5 en virkad muffins&#8230;ja, ni vet &#8211; d\u00e5 n\u00e4r det k\u00e4nnas lite st\u00f6kigt att k\u00f6pa p\u00e5 sig ett helt nystan av n\u00e5gon f\u00e4rg bara f\u00f6r att man beh\u00f6ver en liten bit.<\/p>\n<p style=\"text-align: left;\">De h\u00e4r sm\u00e5 fiffiga paketen som vi har i butiken l\u00f6ser detta v\u00e4ldigt effektivt: du k\u00f6per en blandad kompott med f\u00e4rger och i ett svep har man lite av varje. Paketen finns i 100% bomull eller 100% ull och som synes med en f\u00e4rgpalett som kan passa till lite av varje.<\/p>\n<p style=\"text-align: left;\"><strong>Ordinarie pris \u00e4r 85:-\/paket &#8211; idag \u00e4r det priss\u00e4nkt till endast 50:-!<\/strong><\/p>\n<p style=\"text-align: left;\">Dagens erbjudande g\u00e4ller endast i butiken p\u00e5 Avenyn, idag 17\/12-16, innevarande lager och ej i kombination med andra erbjudanden eller rabatter.<\/p>\n","protected":false},"excerpt":{"rendered":"<p>Ibland saknar man ju bara ett par meter till en kant, till broderiet p\u00e5 lovikka-vantar, till ett par \u00f6gon, till ett litet hj\u00e4rta, till glasyren p\u00e5 en virkad muffins&#8230;ja, ni vet &#8211; d\u00e5 n\u00e4r det k\u00e4nnas lite st\u00f6kigt att k\u00f6pa p\u00e5 sig ett helt nystan av n\u00e5gon f\u00e4rg bara f\u00f6r att man beh\u00f6ver en liten [&hellip;]<\/p>\n","protected":false},"author":1,"featured_media":0,"comment_status":"open","ping_status":"open","sticky":false,"template":"","format":"standard","meta":{"_exactmetrics_skip_tracking":false,"_exactmetrics_sitenote_active":false,"_exactmetrics_sitenote_note":"","_exactmetrics_sitenote_category":0,"footnotes":""},"categories":[53,1],"tags":[],"class_list":["post-2345","post","type-post","status-publish","format-standard","hentry","category-julkalender-2016","category-uncategorized"],"_links":{"self":[{"href":"https:\/\/deisy.se\/index.php?rest_route=\/wp\/v2\/posts\/2345"}],"collection":[{"href":"https:\/\/deisy.se\/index.php?rest_route=\/wp\/v2\/posts"}],"about":[{"href":"https:\/\/deisy.se\/index.php?rest_route=\/wp\/v2\/types\/post"}],"author":[{"embeddable":true,"href":"https:\/\/deisy.se\/index.php?rest_route=\/wp\/v2\/users\/1"}],"replies":[{"embeddable":true,"href":"https:\/\/deisy.se\/index.php?rest_route=%2Fwp%2Fv2%2Fcomments&post=2345"}],"version-history":[{"count":4,"href":"https:\/\/deisy.se\/index.php?rest_route=\/wp\/v2\/posts\/2345\/revisions"}],"predecessor-version":[{"id":2351,"href":"https:\/\/deisy.se\/index.php?rest_route=\/wp\/v2\/posts\/2345\/revisions\/2351"}],"wp:attachment":[{"href":"https:\/\/deisy.se\/index.php?rest_route=%2Fwp%2Fv2%2Fmedia&parent=2345"}],"wp:term":[{"taxonomy":"category","embeddable":true,"href":"https:\/\/deisy.se\/index.php?rest_route=%2Fwp%2Fv2%2Fcategories&post=2345"},{"taxonomy":"post_tag","embeddable":true,"href":"https:\/\/deisy.se\/index.php?rest_route=%2Fwp%2Fv2%2Ftags&post=2345"}],"curies":[{"name":"wp","href":"https:\/\/api.w.org\/{rel}","templated":true}]}}