{"id":2270,"date":"2016-12-06T06:00:41","date_gmt":"2016-12-06T05:00:41","guid":{"rendered":"http:\/\/deisy.se\/?p=2270"},"modified":"2016-12-05T22:52:22","modified_gmt":"2016-12-05T21:52:22","slug":"lucka-6-leve-viva","status":"publish","type":"post","link":"https:\/\/deisy.se\/?p=2270","title":{"rendered":"Lucka 6: Leve &#8221;Viva&#8221;!"},"content":{"rendered":"<p>Idag \u00e4r det \u00e5terigen en lucka som sjunger f\u00e4rgernas lov. Det underbara garnet Viva fr\u00e5n Lang \u00e4r nytt f\u00f6r oss denna s\u00e4song och som det levererar! 100% riktigt mysig ull i h\u00e4rliga f\u00e4rgst\u00e4llningar.<\/p>\n<p>Tv\u00e5 nystan till en m\u00f6ssa, ca 4 till en sjal och 10-12 till en tr\u00f6ja. Har du funderat p\u00e5 detta garnet till ett projekt s\u00e5 \u00e4r det idag som det \u00e4r l\u00e4mpligt att sl\u00e5 till: endast 50:-\/nystan (50g) f\u00f6r Viva idag den 6\/12-16. P\u00e5 bilderna ett urval av de vackra f\u00e4rgs\u00e4ttningar som finns p\u00e5 garnet.<\/p>\n<p><a href=\"http:\/\/media.deisy.se\/2016\/12\/G\u00f6theborg.jpg\"><img loading=\"lazy\" decoding=\"async\" class=\"aligncenter wp-image-2271 size-large\" src=\"http:\/\/media.deisy.se\/2016\/12\/G\u00f6theborg-1024x1024.jpg\" alt=\"gotheborg\" width=\"584\" height=\"584\" srcset=\"http:\/\/media.deisy.se\/2016\/12\/G\u00f6theborg-1024x1024.jpg 1024w, http:\/\/media.deisy.se\/2016\/12\/G\u00f6theborg-150x150.jpg 150w, http:\/\/media.deisy.se\/2016\/12\/G\u00f6theborg-300x300.jpg 300w, http:\/\/media.deisy.se\/2016\/12\/G\u00f6theborg-768x768.jpg 768w\" sizes=\"(max-width: 584px) 100vw, 584px\" \/><\/a><\/p>\n<p>Dessv\u00e4rre har vi inte haft tillf\u00e4lle att l\u00e4gga upp kvalit\u00e9n i webbutiken, men ser du n\u00e5gon f\u00e4rg du gillar och \u00f6nskar,\u00a0s\u00e5 maila oss p\u00e5 info@deisydesign.nu s\u00e5 har vi sten-koll p\u00e5 mailen under morgondagen och skickar dig en manuell bekr\u00e4ftelse p\u00e5 din best\u00e4llning n\u00e4r vi st\u00e4mt av att det du \u00f6nskar fortfarande finns i lager.<\/p>\n<p>Det finns fler f\u00e4rgst\u00e4llningar \u00e4n de som syns p\u00e5 bilden. Erbjudandet g\u00e4ller 6\/12-16, innevarande lager och g\u00e5r ej att kombinera med andra erbjudanden eller rabatter.<\/p>\n<p>\u00c5 stort grattis till Tina Vedebrand som vann utlottningen av det &#8221;Rosa Pudret&#8221; i s\u00f6ndagens lucka!<\/p>\n","protected":false},"excerpt":{"rendered":"<p>Idag \u00e4r det \u00e5terigen en lucka som sjunger f\u00e4rgernas lov. Det underbara garnet Viva fr\u00e5n Lang \u00e4r nytt f\u00f6r oss denna s\u00e4song och som det levererar! 100% riktigt mysig ull i h\u00e4rliga f\u00e4rgst\u00e4llningar. Tv\u00e5 nystan till en m\u00f6ssa, ca 4 till en sjal och 10-12 till en tr\u00f6ja. Har du funderat p\u00e5 detta garnet till [&hellip;]<\/p>\n","protected":false},"author":1,"featured_media":0,"comment_status":"open","ping_status":"open","sticky":false,"template":"","format":"standard","meta":{"_exactmetrics_skip_tracking":false,"_exactmetrics_sitenote_active":false,"_exactmetrics_sitenote_note":"","_exactmetrics_sitenote_category":0,"footnotes":""},"categories":[1],"tags":[],"class_list":["post-2270","post","type-post","status-publish","format-standard","hentry","category-uncategorized"],"_links":{"self":[{"href":"https:\/\/deisy.se\/index.php?rest_route=\/wp\/v2\/posts\/2270"}],"collection":[{"href":"https:\/\/deisy.se\/index.php?rest_route=\/wp\/v2\/posts"}],"about":[{"href":"https:\/\/deisy.se\/index.php?rest_route=\/wp\/v2\/types\/post"}],"author":[{"embeddable":true,"href":"https:\/\/deisy.se\/index.php?rest_route=\/wp\/v2\/users\/1"}],"replies":[{"embeddable":true,"href":"https:\/\/deisy.se\/index.php?rest_route=%2Fwp%2Fv2%2Fcomments&post=2270"}],"version-history":[{"count":2,"href":"https:\/\/deisy.se\/index.php?rest_route=\/wp\/v2\/posts\/2270\/revisions"}],"predecessor-version":[{"id":2273,"href":"https:\/\/deisy.se\/index.php?rest_route=\/wp\/v2\/posts\/2270\/revisions\/2273"}],"wp:attachment":[{"href":"https:\/\/deisy.se\/index.php?rest_route=%2Fwp%2Fv2%2Fmedia&parent=2270"}],"wp:term":[{"taxonomy":"category","embeddable":true,"href":"https:\/\/deisy.se\/index.php?rest_route=%2Fwp%2Fv2%2Fcategories&post=2270"},{"taxonomy":"post_tag","embeddable":true,"href":"https:\/\/deisy.se\/index.php?rest_route=%2Fwp%2Fv2%2Ftags&post=2270"}],"curies":[{"name":"wp","href":"https:\/\/api.w.org\/{rel}","templated":true}]}}