{"id":2250,"date":"2016-12-03T07:00:46","date_gmt":"2016-12-03T06:00:46","guid":{"rendered":"http:\/\/deisy.se\/?p=2250"},"modified":"2016-12-03T11:23:53","modified_gmt":"2016-12-03T10:23:53","slug":"lucka-3-tips-extra","status":"publish","type":"post","link":"https:\/\/deisy.se\/?p=2250","title":{"rendered":"Lucka 3: Tips-extra"},"content":{"rendered":"<p>Eftersom det \u00e4r l\u00f6rdag idag s\u00e5 tyckte vi att det passade utomordentligt bra med Tips-extra i luckan!<\/p>\n<p>I dag t\u00e4nkte vi avhandla problematiken till att garnet inte r\u00e4cker och hur man l\u00e4mpligen kan l\u00f6sa det. Det h\u00e4nder lite d\u00e5 och d\u00e5 att man shoppat p\u00e5 sig garn till ett projekt i garnbutiken enligt en beskrivning och man har k\u00f6pt precis som det st\u00e5r men \u00e4nd\u00e5 st\u00e5r man d\u00e4r och har 4 cm kvar p\u00e5 ena \u00e4rmkullen&#8230; \u00c4r det s\u00e5 att designern gissat sig fram till garn\u00e5tg\u00e5ngen? Inte r\u00e4knat r\u00e4tt? Eller helt enkelt\u00a0spelat dig ett spratt? Det kan s\u00e5 klart vara n\u00e5got av dessa alternativ men oftast \u00e4r det tyv\u00e4rr inte s\u00e5. Utan oftast \u00e4r det n\u00e5got av dessa vanliga fallgropar:<\/p>\n<ul>\n<li><strong>Provlappen<\/strong>&#8230; Denna tr\u00f6ttsamma lilla ruta som man helst inte vill g\u00f6ra f\u00f6r man vill s\u00e4tta ig\u00e5ng p\u00e5 direkten. Man kanske helt\u00a0enkelt struntar i den och t\u00e4nker att man g\u00f6r som man brukar. \u00c4ven om det historiskt sett varit s\u00e5 att du alltid f\u00e5r en maskt\u00e4thet som st\u00e4mmer \u00f6verens med m\u00f6nstret kan det vara s\u00e5 att just denna g\u00e5ngen \u00e4r det en f\u00f6r dig helt ny kvalit\u00e9 som du stickar p\u00e5 ett helt annorlunda s\u00e4tt med. Kanske \u00e4r det en kvalit\u00e9 som du senast stickade p\u00e5 tr\u00e4stickor men som du denna g\u00e5ng stickar med metallstickor? M\u00e5nga ting kan\u00a0ge en avg\u00f6rande skillnad p\u00e5 maskt\u00e4theten. <strong>L\u00f6sning 1<\/strong>: g\u00f6r alltid en provlapp. <strong>Superl\u00f6sning<\/strong>: om jag skall sticka ett plagg s\u00e5 stickar jag s\u00e4llan en provlapp &#8211; jag b\u00f6rjar ist\u00e4llet sticka p\u00e5 en \u00e4rm och OM det skulle vara s\u00e5 att det \u00e4r helt \u00e5t fanders s\u00e5 blir det inte s\u00e5 mycket att g\u00f6ra om. \u00a0Denna l\u00f6sning funkar tyv\u00e4rr d\u00e5ligt om du stickar uppifr\u00e5n och ned &#8211; men \u00e5 andra sidan l\u00e4gger du inte upp lika m\u00e5nga maskor fr\u00e5n b\u00f6rjan i detta fall.<\/li>\n<li><img loading=\"lazy\" decoding=\"async\" class=\"size-medium wp-image-2253 alignright\" src=\"http:\/\/media.deisy.se\/2016\/12\/IMG_1834-225x300.jpg\" alt=\"img_1834\" width=\"225\" height=\"300\" srcset=\"http:\/\/media.deisy.se\/2016\/12\/IMG_1834-225x300.jpg 225w, http:\/\/media.deisy.se\/2016\/12\/IMG_1834-768x1024.jpg 768w, http:\/\/media.deisy.se\/2016\/12\/IMG_1834.jpg 1512w\" sizes=\"(max-width: 225px) 100vw, 225px\" \/><strong>Provlappen 2.0<\/strong> &#8211; g\u00f6r inte som det st\u00e5r. Om det st\u00e5r att du skall ha 20 maskor\/10 cm. L\u00e4gg d\u00e5 inte upp 20 maskor och se om det blir 10 cm. L\u00e4gg ist\u00e4llet upp 30 maskor och ser var det blir p\u00e5 10 cm. Eller som p\u00e5 bilden bredvid\u00a0(med m\u00e5ttbandet som har sett sina b\u00e4ttre dagar&#8230;\u00e5 hur man nu kan slita ut ett m\u00e5ttband kan man fr\u00e5ga sig&#8230;): om du vill veta din maskt\u00e4thet p\u00e5 20 maskor: l\u00e4gg upp 20 maskor, sticka ett g\u00e4ng varv, m\u00e4t &#8211; men m\u00e4t endast p\u00e5 5 cm och multiplicera det med 2.<strong> Det blir mycket mer r\u00e4ttvisande<\/strong>.<\/li>\n<li>Nu kanske du gjorde en provlapp och den st\u00e4mde fint. Men&#8230;du kanske satt mer koncentrerad p\u00e5 ditt stickande n\u00e4r du gjorde den lilla provlappen \u00e4n lite senare n\u00e4r du satte dig bekv\u00e4mt tillr\u00e4tta f\u00f6r att sticka vidare. D\u00e5 slappnar man av lite i h\u00e4nderna och ja, det kommer att p\u00e5verka maskt\u00e4theten d\u00e5 du s\u00e4kert stickar lite mer l\u00f6st d\u00e5. \u00c4r du mer stressad i livet av en eller annan orsak ? Jajamensan, det kommer ocks\u00e5 att p\u00e5verka &#8211; kanske stickar du d\u00e5 lite h\u00e5rdare&#8230;\u00a0<strong>L\u00f6sning<\/strong>: st\u00e4m av din maskt\u00e4thet lite d\u00e5 och d\u00e5 n\u00e4r du stickar s\u00e5 att du inte inser detta uppe vid\u00a0\u00e4rmh\u00e5let.<\/li>\n<li>Maskt\u00e4theten st\u00e4mmer alltid p\u00e5 bredden men vill inte st\u00e4mma p\u00e5 h\u00f6jden. D\u00e5 hj\u00e4lper det f\u00f6ga att byta stickor eftersom det g\u00f6r att varven pl\u00f6tsligt blir r\u00e4tt men att det skenar p\u00e5 bredden. <strong>L\u00f6sning<\/strong>: Finns egentligen ingen l\u00f6sning &#8211; man stickar som man stickar &#8211; g\u00e5r inte att \u00e4ndra p\u00e5 det. F\u00f6rs\u00f6ker du \u00e4ndra p\u00e5 det kommer du med all sannolikhet att f\u00e5 ont i axlar och ge dig en helt o-lustfylld stick-tid (\u00e5 det vill man ju verkligen inte ha &#8211; man vill ha precis tv\u00e4rtom: avslappnande och lustfylld stickning). Vet du med dig att det \u00e4r som s\u00e5 h\u00e4r s\u00e5 kommer du mer eller mindre alltid att beh\u00f6va i alla fall ett nystan mer \u00e4n vad beskrivningen s\u00e4ger.<\/li>\n<li><strong>Ett av de vanligaste problemen:<\/strong> N\u00e4r du m\u00e4ter s\u00e5 l\u00e4gger du ditt stickade stycke p\u00e5 en plan yta och st\u00e4mmer av hur m\u00e5nga centimeter du har stickat. Big no-no! T\u00e4nk dig att n\u00e4stan allt som du stickar kommer du att ta p\u00e5 dig p\u00e5 ett eller annat s\u00e4tt och d\u00e4rmed kommer inte det stickade att ligga utan att h\u00e4nga. L\u00e4gger du ett bakstycke p\u00e5 bordet och det m\u00e4ter t ex 50\u00a0cm kan jag n\u00e4stan sl\u00e5 vad om att det m\u00e4ter 52 cm n\u00e4r du m\u00e4ter det h\u00e4ngande. <strong>L\u00f6sning<\/strong>: M\u00e4t alltid allting h\u00e4ngande!<\/li>\n<li>Du kom p\u00e5 att du egentligen ville ha plagget 2 cm l\u00e4ngre &#8211; men s\u00e5 stickar man p\u00e5 och gl\u00f6mmer sin lilla \u00e4ndring&#8230;ja, p\u00e5 det finns inte s\u00e5 m\u00e5nga fler l\u00f6sningar \u00e4n att man m\u00e5ste k\u00f6pa till garn och vad h\u00e4nder d\u00e5 n\u00e4r garnet inte tillverkas l\u00e4ngre eller att det nya f\u00e4rgbadet ser helt olika ut det som du har&#8230;<\/li>\n<\/ul>\n<p>Hur skall man d\u00e5 l\u00f6sa det hela &#8211; n\u00e4r det hela \u00e4r som det \u00e4r och man bara har ett par varv kvar h\u00e4r eller d\u00e4r? Jo, till exempel s\u00e5 h\u00e4r:<\/p>\n<ul>\n<li>Vid en axel eller ett ok &#8211; k\u00f6p av det f\u00e4rgbad som finns, repa upp ett par varv och randa det nya och det gamla f\u00e4rgbadet med varandra s\u00e5 att sj\u00e4lva \u00f6verg\u00e5ngen inte blir en tydlig skarv utan lite mer flytande.<\/li>\n<li>Stickar du uppifr\u00e5n och ned s\u00e5 finns det ju enorma f\u00f6ruts\u00e4ttningar: nederkanten kan ju stickas i samma garn &#8211; annan f\u00e4rg, annat garn &#8211; samma f\u00e4rg, annat garn &#8211; annan f\u00e4rg.<\/li>\n<li>\u00c4r du mitt p\u00e5 ett ok eller n\u00e5got lite klurigt st\u00e4lle. L\u00e4gg in n\u00e5gon typ av struktur-stickning i arbetet. Ett par varv\u00a0t\u00e4tstickning, mosstickning eller dylikt f\u00f6rvillar \u00f6gat och g\u00f6r att en liten skillnad i f\u00e4rgnyans kommer att bli ouppt\u00e4ckt.<\/li>\n<\/ul>\n<p><strong>Viktigast av allt<\/strong>: k\u00f6per du ett extra nystan s\u00e5 har du \u00f6ppet k\u00f6p hos Deisy Design s\u00e5 l\u00e4nge vi har garnet kvar i v\u00e5rt sortiment och du har kvittot kvar. \u00c5 d\u00e5 kan man till\u00e4gga att Karisma har vi till exempel s\u00e5lt i sis\u00e5d\u00e4r 25 \u00e5r&#8230;.s\u00e5 du kan ta som en generell regel att du i alla fall har minst 6 m\u00e5naders \u00f6ppet k\u00f6p. \u00c4ven om vi har lite &#8221;g\u00e4st-artister&#8221;\u00a0inne mest hela tiden\u00a0s\u00e5 kan du verkligen k\u00e4nna dig trygg med att\u00a0kunna l\u00e4mna tillbaka det d\u00e4r extra nystanet och f\u00e5 pengarna tillbaka. (P\u00e5 bilden &#8211; olika garner kr\u00e4va olika stickor!)<\/p>\n<p><a href=\"http:\/\/media.deisy.se\/2016\/12\/IMG_1836.jpg\"><img loading=\"lazy\" decoding=\"async\" class=\"aligncenter size-medium wp-image-2254\" src=\"http:\/\/media.deisy.se\/2016\/12\/IMG_1836-225x300.jpg\" alt=\"img_1836\" width=\"225\" height=\"300\" srcset=\"http:\/\/media.deisy.se\/2016\/12\/IMG_1836-225x300.jpg 225w, http:\/\/media.deisy.se\/2016\/12\/IMG_1836-768x1022.jpg 768w, http:\/\/media.deisy.se\/2016\/12\/IMG_1836-769x1024.jpg 769w, http:\/\/media.deisy.se\/2016\/12\/IMG_1836.jpg 1280w\" sizes=\"(max-width: 225px) 100vw, 225px\" \/><\/a><\/p>\n<p>Det var dagens Tips-extra &#8211; vi har massor med mer tips om du kommer in till butiken. \u00c5 n\u00e4stan \u00e4nnu viktigare \u00e4n viktigast: Om du st\u00f6ter p\u00e5 patrull och garnet inte r\u00e4cker &#8211; ta alltid med din stickning till butiken\u00a0f\u00f6r det \u00e4r sv\u00e5rt (i princip om\u00f6jligt) att avg\u00f6ra var problemet ligger utan att se det som du har stickat.<\/p>\n<p><strong>PS: \u00c4nnu viktigare \u00e4n viktigast av allt..<\/strong>. Just nu under dessa vinter-m\u00e5nader s\u00e5 kan det bli lite tr\u00e5ngt och &#8221;st\u00f6kigt&#8221; i butiken &#8211; men ingen fr\u00e5ga \u00e4r f\u00f6r liten och ingen fr\u00e5ga \u00e4r f\u00f6r stor &#8211; var inte r\u00e4dd f\u00f6r att ta dig tid till att fr\u00e5ga om just ditt problem och din stickning. Om du har st\u00f6rre fr\u00e5gest\u00e4llningar eller vill ha en lite stick-lektion: vi l\u00f6ser det &#8211; du kanske beh\u00f6ver v\u00e4nta en liten extra stund, men vi har en bekv\u00e4m f\u00e5t\u00f6lj som du kan sl\u00e5 dig ned i och s\u00e5 tar i saker och ting som de kommer. Jag, tillsammans med Febelisen och Anna, hj\u00e4lper dig mer \u00e4n g\u00e4rna att komma vidare. <strong>Varmt v\u00e4lkommen till oss! DS<\/strong><\/p>\n<p>\/Linda<\/p>\n<p>&nbsp;<\/p>\n","protected":false},"excerpt":{"rendered":"<p>Eftersom det \u00e4r l\u00f6rdag idag s\u00e5 tyckte vi att det passade utomordentligt bra med Tips-extra i luckan! I dag t\u00e4nkte vi avhandla problematiken till att garnet inte r\u00e4cker och hur man l\u00e4mpligen kan l\u00f6sa det. Det h\u00e4nder lite d\u00e5 och d\u00e5 att man shoppat p\u00e5 sig garn till ett projekt i garnbutiken enligt en beskrivning [&hellip;]<\/p>\n","protected":false},"author":1,"featured_media":0,"comment_status":"open","ping_status":"open","sticky":false,"template":"","format":"standard","meta":{"_exactmetrics_skip_tracking":false,"_exactmetrics_sitenote_active":false,"_exactmetrics_sitenote_note":"","_exactmetrics_sitenote_category":0,"footnotes":""},"categories":[53],"tags":[],"class_list":["post-2250","post","type-post","status-publish","format-standard","hentry","category-julkalender-2016"],"_links":{"self":[{"href":"https:\/\/deisy.se\/index.php?rest_route=\/wp\/v2\/posts\/2250"}],"collection":[{"href":"https:\/\/deisy.se\/index.php?rest_route=\/wp\/v2\/posts"}],"about":[{"href":"https:\/\/deisy.se\/index.php?rest_route=\/wp\/v2\/types\/post"}],"author":[{"embeddable":true,"href":"https:\/\/deisy.se\/index.php?rest_route=\/wp\/v2\/users\/1"}],"replies":[{"embeddable":true,"href":"https:\/\/deisy.se\/index.php?rest_route=%2Fwp%2Fv2%2Fcomments&post=2250"}],"version-history":[{"count":5,"href":"https:\/\/deisy.se\/index.php?rest_route=\/wp\/v2\/posts\/2250\/revisions"}],"predecessor-version":[{"id":2258,"href":"https:\/\/deisy.se\/index.php?rest_route=\/wp\/v2\/posts\/2250\/revisions\/2258"}],"wp:attachment":[{"href":"https:\/\/deisy.se\/index.php?rest_route=%2Fwp%2Fv2%2Fmedia&parent=2250"}],"wp:term":[{"taxonomy":"category","embeddable":true,"href":"https:\/\/deisy.se\/index.php?rest_route=%2Fwp%2Fv2%2Fcategories&post=2250"},{"taxonomy":"post_tag","embeddable":true,"href":"https:\/\/deisy.se\/index.php?rest_route=%2Fwp%2Fv2%2Ftags&post=2250"}],"curies":[{"name":"wp","href":"https:\/\/api.w.org\/{rel}","templated":true}]}}