{"id":2242,"date":"2016-12-02T06:00:50","date_gmt":"2016-12-02T05:00:50","guid":{"rendered":"http:\/\/deisy.se\/?p=2242"},"modified":"2016-12-04T22:45:38","modified_gmt":"2016-12-04T21:45:38","slug":"lucka-2-lovikka-vantar","status":"publish","type":"post","link":"https:\/\/deisy.se\/?p=2242","title":{"rendered":"Lucka 2: Lovikka-vantar?"},"content":{"rendered":"<p style=\"text-align: left;\">I dagens lucka, 2\/12, finner ni ett trevligt erbjudande p\u00e5 lovikka-garn!<\/p>\n<p style=\"text-align: left;\">Lovikka \u00e4r inte alls ett namn taget ur luften utan en by som ligger vid Torne \u00e4lv i Pajala kommun (enligt wiki s\u00e5 var det 61 inv\u00e5nare i byn 2010). F\u00f6r mig\u00a0som \u00e4r G\u00f6teborgs-baserad \u00e4r ju inte detta helt n\u00e4stg\u00e5rds, utan k\u00e4nns b\u00e5de exotiskt, fantastiskt och \u00a0intressant. Varifr\u00e5n kommer d\u00e5 d<a href=\"http:\/\/media.deisy.se\/2016\/12\/Sk\u00e4rmavbild-2016-12-01-kl.-23.12.02.png\"><img loading=\"lazy\" decoding=\"async\" class=\"size-medium wp-image-2243 alignright\" src=\"http:\/\/media.deisy.se\/2016\/12\/Sk\u00e4rmavbild-2016-12-01-kl.-23.12.02-297x300.png\" alt=\"skarmavbild-2016-12-01-kl-23-12-02\" width=\"297\" height=\"300\" srcset=\"http:\/\/media.deisy.se\/2016\/12\/Sk\u00e4rmavbild-2016-12-01-kl.-23.12.02-297x300.png 297w, http:\/\/media.deisy.se\/2016\/12\/Sk\u00e4rmavbild-2016-12-01-kl.-23.12.02.png 595w\" sizes=\"(max-width: 297px) 100vw, 297px\" \/><\/a>enna nationalskatt? Jo, redan 1892\u00a0s\u00e5 utvecklade\u00a0Maria Erika Olofsdotter Kruka, bosatt i samh\u00e4llet Lovikka, det som kom att kallas lovikka-vanten. Egentligen verkar det som om vantens ursprung var en fel-stickad vante &#8211; den var f\u00f6r grov och otymplig enligt best\u00e4llaren &#8211; men sedan ins\u00e5g man vantens enorma f\u00f6rm\u00e5ga till att h\u00e5lla v\u00e4ta ute och v\u00e4rme inne.<\/p>\n<p>Klassiskt s\u00e5 stickas lovikka-vanten i inhoptvinnat f\u00f6rgarn: det g\u00f6r att det blir tjockt, mjukt och varmt. Efter att vanten stickats s\u00e5 skall den med f\u00f6rdel &#8221;ruggas&#8221; upp f\u00f6r att bli \u00e4n mer t\u00e5lig mot vatten och kyla. P\u00e5 &#8221;skaftet&#8221; av vanten broderas det traditionellt n\u00e5gon form av dekoration och virkas till den lilla fl\u00e4t-tofsen vid sidan av f\u00f6r att g\u00f6ra det l\u00e4tt f\u00f6r att h\u00e4nga upp vantarna p\u00e5 tork.<\/p>\n<p>Speciellt under\u00a030-talet blev stickandet av Lovikka-vantar en inkomstk\u00e4lla f\u00f6r kvinnor i Tornedalen och trots att f\u00f6retaget h\u00e4ngde med l\u00e4nge, s\u00e5 gick det dessv\u00e4rre i graven 2007 \ud83d\ude41 Nu \u00e4r det upp till oss sj\u00e4lva att sticka lovikka-vantar i 100% ull som v\u00e4rmer som f\u00e5 vantar kan.<\/p>\n<p>Dagens lucka: k\u00f6p 3 hg lovikka garn (r\u00e4cker till 2 par och gratis m\u00f6nster finns p\u00e5 v\u00e5r hemsida) och vi bjuder p\u00e5 ett h\u00e4rligt set med strumpstickor nummer 5, 15 cm, \u00a0av m\u00e4rket Zing fr\u00e5n KnitPro! Vi har valt att ha lovikka-garn fr\u00e5n Ullcentrum: ull fr\u00e5n \u00d6land, spunnet i Morj\u00e4rv. Vi har det i tre nyanser &#8211; du kan shoppa loss s\u00e5v\u00e4l i webbutiken som i butiken p\u00e5 Avenyn.<\/p>\n<p><a href=\"http:\/\/media.deisy.se\/2016\/12\/Sk\u00e4rmavbild-2016-12-01-kl.-23.53.36.png\"><img loading=\"lazy\" decoding=\"async\" class=\"aligncenter size-medium wp-image-2244\" src=\"http:\/\/media.deisy.se\/2016\/12\/Sk\u00e4rmavbild-2016-12-01-kl.-23.53.36-300x120.png\" alt=\"skarmavbild-2016-12-01-kl-23-53-36\" width=\"300\" height=\"120\" srcset=\"http:\/\/media.deisy.se\/2016\/12\/Sk\u00e4rmavbild-2016-12-01-kl.-23.53.36-300x120.png 300w, http:\/\/media.deisy.se\/2016\/12\/Sk\u00e4rmavbild-2016-12-01-kl.-23.53.36.png 338w\" sizes=\"(max-width: 300px) 100vw, 300px\" \/><\/a><\/p>\n<p>Erbjudandet g\u00e4ller idag s\u00e5 l\u00e4nge v\u00e5rt lager av Zing-stickor i storlek 5 mm r\u00e4cker.<\/p>\n<p>PS: P\u00e5 ett mer personligt plan s\u00e5 l\u00e4rde jag mig idag att historien visar sig att grundaren av Lovikka hette\u00a0Nils Ludvigsson Lodvijk och hans far hette\u00a0Ludvig Joensson&#8230;och att byn fick sitt namn efter grundaren. Och i\u00a0Finland vid 1500-talets slut skrevs Ludvig bland annat\u00a0<i>Louika<\/i>\u00a0och\u00a0<i>Lodvika.\u00a0<\/i>\u00c5 s\u00e5 heter min son Ludvig! Lite hit och dit med o, v och &#8230;men m\u00e5ste se till att sonen\u00a0f\u00e5r sig ett par lovikka-vantar omedelabums! DS.<\/p>\n<p>&nbsp;<\/p>\n","protected":false},"excerpt":{"rendered":"<p>I dagens lucka, 2\/12, finner ni ett trevligt erbjudande p\u00e5 lovikka-garn! Lovikka \u00e4r inte alls ett namn taget ur luften utan en by som ligger vid Torne \u00e4lv i Pajala kommun (enligt wiki s\u00e5 var det 61 inv\u00e5nare i byn 2010). F\u00f6r mig\u00a0som \u00e4r G\u00f6teborgs-baserad \u00e4r ju inte detta helt n\u00e4stg\u00e5rds, utan k\u00e4nns b\u00e5de exotiskt, [&hellip;]<\/p>\n","protected":false},"author":1,"featured_media":0,"comment_status":"open","ping_status":"open","sticky":false,"template":"","format":"standard","meta":{"_exactmetrics_skip_tracking":false,"_exactmetrics_sitenote_active":false,"_exactmetrics_sitenote_note":"","_exactmetrics_sitenote_category":0,"footnotes":""},"categories":[7,53],"tags":[],"class_list":["post-2242","post","type-post","status-publish","format-standard","hentry","category-deisy-design","category-julkalender-2016"],"_links":{"self":[{"href":"https:\/\/deisy.se\/index.php?rest_route=\/wp\/v2\/posts\/2242"}],"collection":[{"href":"https:\/\/deisy.se\/index.php?rest_route=\/wp\/v2\/posts"}],"about":[{"href":"https:\/\/deisy.se\/index.php?rest_route=\/wp\/v2\/types\/post"}],"author":[{"embeddable":true,"href":"https:\/\/deisy.se\/index.php?rest_route=\/wp\/v2\/users\/1"}],"replies":[{"embeddable":true,"href":"https:\/\/deisy.se\/index.php?rest_route=%2Fwp%2Fv2%2Fcomments&post=2242"}],"version-history":[{"count":4,"href":"https:\/\/deisy.se\/index.php?rest_route=\/wp\/v2\/posts\/2242\/revisions"}],"predecessor-version":[{"id":2269,"href":"https:\/\/deisy.se\/index.php?rest_route=\/wp\/v2\/posts\/2242\/revisions\/2269"}],"wp:attachment":[{"href":"https:\/\/deisy.se\/index.php?rest_route=%2Fwp%2Fv2%2Fmedia&parent=2242"}],"wp:term":[{"taxonomy":"category","embeddable":true,"href":"https:\/\/deisy.se\/index.php?rest_route=%2Fwp%2Fv2%2Fcategories&post=2242"},{"taxonomy":"post_tag","embeddable":true,"href":"https:\/\/deisy.se\/index.php?rest_route=%2Fwp%2Fv2%2Ftags&post=2242"}],"curies":[{"name":"wp","href":"https:\/\/api.w.org\/{rel}","templated":true}]}}