{"id":2223,"date":"2016-11-30T18:38:03","date_gmt":"2016-11-30T17:38:03","guid":{"rendered":"http:\/\/deisy.se\/?p=2223"},"modified":"2018-03-10T16:57:19","modified_gmt":"2018-03-10T15:57:19","slug":"50-ars-festen-november-gotheborg-ii","status":"publish","type":"post","link":"https:\/\/deisy.se\/?p=2223","title":{"rendered":"50-\u00e5rs festen november: &#8221;G\u00f6theborg II&#8221;"},"content":{"rendered":"<p><a href=\"http:\/\/media.deisy.se\/2016\/11\/g\u00f6the4.jpg\"><img loading=\"lazy\" decoding=\"async\" class=\"size-medium wp-image-2226 alignright\" src=\"http:\/\/media.deisy.se\/2016\/11\/g\u00f6the4-235x300.jpg\" alt=\"gothe4\" width=\"235\" height=\"300\" srcset=\"http:\/\/media.deisy.se\/2016\/11\/g\u00f6the4-235x300.jpg 235w, http:\/\/media.deisy.se\/2016\/11\/g\u00f6the4-768x981.jpg 768w, http:\/\/media.deisy.se\/2016\/11\/g\u00f6the4-802x1024.jpg 802w\" sizes=\"(max-width: 235px) 100vw, 235px\" \/><\/a>Vantar med inspiration fr\u00e5n det vackra porslin som gick under tillsammans med ostindiefararen G\u00f6theborg n\u00e4r hon sn\u00f6pligt f\u00f6rliste \u00e5r 1745 &#8211; mer eller mindre mitt i G\u00f6teborgs hamn endast 900 meter fr\u00e5n sitt m\u00e5l efter en seglats som varat i \u00f6ver 30 m\u00e5nader.<\/p>\n<p>Den 6 juni 2003 hade man sj\u00f6s\u00e4ttning f\u00f6r skeppet p\u00e5 bilden &#8211; en n\u00e4stan identisk kopia av originalet som sj\u00f6nk &#8211; byggd med ursprungliga metoder och material. Idag ligger &#8221;G\u00f6theborg&#8221; &#8211; n\u00e4r det inte \u00e4r ute p\u00e5 vift &#8211; i G\u00f6teborgs hamn, pir fyra vid Eriksberg. \u00c4r du sugen p\u00e5 att bes\u00f6ka det s\u00e5 hittar du mer information om det <a href=\"http:\/\/www.soic.se\/\" target=\"_blank\" rel=\"noopener noreferrer\">h\u00e4r<\/a>.<\/p>\n<p>Dessa vantar \u00e4r inte v\u00e5rt f\u00f6rsta G\u00f6theborgs-inspirerade m\u00f6nster. Redan f\u00f6r cirka 20 \u00e5r sedan gjorde Deisy koftan &#8221;G\u00f6theborg&#8221; och det \u00e4r ocks\u00e5 dess vackra blomsterslingor som kommit till bruk igen.\u00a0<a href=\"http:\/\/media.deisy.se\/2016\/11\/gotheborg2.pdf\">M\u00f6nster till vanten &#8221;G\u00f6theborg II&#8221;<\/a><br \/>\n<a href=\"http:\/\/media.deisy.se\/2016\/11\/Senast-\u00f6verf\u00f6rda60.jpg\"><img loading=\"lazy\" decoding=\"async\" class=\"aligncenter size-medium wp-image-2225\" src=\"http:\/\/media.deisy.se\/2016\/11\/Senast-\u00f6verf\u00f6rda60-250x300.jpg\" alt=\"senast-overforda60\" width=\"250\" height=\"300\" srcset=\"http:\/\/media.deisy.se\/2016\/11\/Senast-\u00f6verf\u00f6rda60-250x300.jpg 250w, http:\/\/media.deisy.se\/2016\/11\/Senast-\u00f6verf\u00f6rda60-768x922.jpg 768w, http:\/\/media.deisy.se\/2016\/11\/Senast-\u00f6verf\u00f6rda60-853x1024.jpg 853w\" sizes=\"(max-width: 250px) 100vw, 250px\" \/><\/a><em>Errata: en 8:a hade blivit en 3:a och den skaffade sig m\u00f6nstret f\u00f6rsta dagen fick tokig maskt\u00e4thet &#8211; det skall vara 28m\/10cm.<\/em><\/p>\n","protected":false},"excerpt":{"rendered":"<p>Vantar med inspiration fr\u00e5n det vackra porslin som gick under tillsammans med ostindiefararen G\u00f6theborg n\u00e4r hon sn\u00f6pligt f\u00f6rliste \u00e5r 1745 &#8211; mer eller mindre mitt i G\u00f6teborgs hamn endast 900 meter fr\u00e5n sitt m\u00e5l efter en seglats som varat i \u00f6ver 30 m\u00e5nader. Den 6 juni 2003 hade man sj\u00f6s\u00e4ttning f\u00f6r skeppet p\u00e5 bilden &#8211; [&hellip;]<\/p>\n","protected":false},"author":1,"featured_media":0,"comment_status":"open","ping_status":"open","sticky":false,"template":"","format":"standard","meta":{"_exactmetrics_skip_tracking":false,"_exactmetrics_sitenote_active":false,"_exactmetrics_sitenote_note":"","_exactmetrics_sitenote_category":0,"footnotes":""},"categories":[52,7,54,11],"tags":[],"class_list":["post-2223","post","type-post","status-publish","format-standard","hentry","category-50-arsjubileum","category-deisy-design","category-goteborgskollektionen","category-sticktips"],"_links":{"self":[{"href":"https:\/\/deisy.se\/index.php?rest_route=\/wp\/v2\/posts\/2223"}],"collection":[{"href":"https:\/\/deisy.se\/index.php?rest_route=\/wp\/v2\/posts"}],"about":[{"href":"https:\/\/deisy.se\/index.php?rest_route=\/wp\/v2\/types\/post"}],"author":[{"embeddable":true,"href":"https:\/\/deisy.se\/index.php?rest_route=\/wp\/v2\/users\/1"}],"replies":[{"embeddable":true,"href":"https:\/\/deisy.se\/index.php?rest_route=%2Fwp%2Fv2%2Fcomments&post=2223"}],"version-history":[{"count":13,"href":"https:\/\/deisy.se\/index.php?rest_route=\/wp\/v2\/posts\/2223\/revisions"}],"predecessor-version":[{"id":2597,"href":"https:\/\/deisy.se\/index.php?rest_route=\/wp\/v2\/posts\/2223\/revisions\/2597"}],"wp:attachment":[{"href":"https:\/\/deisy.se\/index.php?rest_route=%2Fwp%2Fv2%2Fmedia&parent=2223"}],"wp:term":[{"taxonomy":"category","embeddable":true,"href":"https:\/\/deisy.se\/index.php?rest_route=%2Fwp%2Fv2%2Fcategories&post=2223"},{"taxonomy":"post_tag","embeddable":true,"href":"https:\/\/deisy.se\/index.php?rest_route=%2Fwp%2Fv2%2Ftags&post=2223"}],"curies":[{"name":"wp","href":"https:\/\/api.w.org\/{rel}","templated":true}]}}