{"id":2210,"date":"2016-10-31T18:05:43","date_gmt":"2016-10-31T17:05:43","guid":{"rendered":"http:\/\/deisy.se\/?p=2210"},"modified":"2017-05-22T13:59:50","modified_gmt":"2017-05-22T11:59:50","slug":"50-ars-festen-oktober-ullevi","status":"publish","type":"post","link":"https:\/\/deisy.se\/?p=2210","title":{"rendered":"50-\u00e5rs festen oktober: &#8221;Ullevi&#8221;!"},"content":{"rendered":"<p><a href=\"http:\/\/media.deisy.se\/2016\/10\/ullevi3-1.jpg\"><img loading=\"lazy\" decoding=\"async\" class=\"size-medium wp-image-2217 alignright\" src=\"http:\/\/media.deisy.se\/2016\/10\/ullevi3-1-279x300.jpg\" alt=\"ullevi3\" width=\"279\" height=\"300\" srcset=\"http:\/\/media.deisy.se\/2016\/10\/ullevi3-1-279x300.jpg 279w, http:\/\/media.deisy.se\/2016\/10\/ullevi3-1.jpg 685w\" sizes=\"(max-width: 279px) 100vw, 279px\" \/><\/a>Vi avslutar jubileumsm\u00e5naden med ett sprillans nytt m\u00f6nster i v\u00e5r G\u00f6teborgs-kollektion: den virkade m\u00f6ssan &#8221;Ullevi&#8221;! Det var kombinationen av f\u00e4rg och form p\u00e5 stolarna inne p\u00e5 arenan som inspirerade oss\u00a0till att virka en m\u00f6ssa med utg\u00e5ngspunkt fr\u00e5n detta.<\/p>\n<p>Ullevi invigdes klockan 18.15 den 29:e maj 1958. Ett par timmar efter invigningen la Gunnar Gren det f\u00f6rsta fotbollsm\u00e5let p\u00e5 arenan inf\u00f6r en publik best\u00e5ende av svindlande 49 493 personer. Efter diverse olika tillbyggnader, ombyggnader, f\u00f6rst\u00e4rkningar mm satte H\u00e5kan Hellstr\u00f6m nytt publikrekord i \u00e5r d\u00e5 hans konsert den 5\/6 2016 hade fantastiska 70 144 personer i publiken!<\/p>\n<p>Ullevi virkas med framf\u00f6r allt stolpar i tre olika f\u00e4rger. Vi har avslutat v\u00e5r variant med ett varv med kr\u00e4ftg\u00e5ng i vit f\u00f6r att dra en parallell till hur Ullevi ser ut uppifr\u00e5n.<\/p>\n<p><a href=\"http:\/\/media.deisy.se\/2016\/10\/ullevi2.jpg\"><img loading=\"lazy\" decoding=\"async\" class=\"aligncenter size-medium wp-image-2215\" src=\"http:\/\/media.deisy.se\/2016\/10\/ullevi2-300x300.jpg\" alt=\"ullevi2\" width=\"300\" height=\"300\" srcset=\"http:\/\/media.deisy.se\/2016\/10\/ullevi2-300x300.jpg 300w, http:\/\/media.deisy.se\/2016\/10\/ullevi2-150x150.jpg 150w, http:\/\/media.deisy.se\/2016\/10\/ullevi2-768x768.jpg 768w, http:\/\/media.deisy.se\/2016\/10\/ullevi2.jpg 1024w\" sizes=\"(max-width: 300px) 100vw, 300px\" \/><\/a>Vi passar ocks\u00e5 p\u00e5 att gratulera Sara Blom som har vunnit material till en &#8221;Miami&#8221; som vi lottade ut f\u00f6rra veckan.<\/p>\n<p>Om en m\u00e5nad kommer det ett nytt G\u00f6teborgs-m\u00f6nster och i samma veva drar vi ig\u00e5ng v\u00e5r julkalender d\u00e4r det som vanligt \u00f6ppnas en lucka varje dag &#8211; v\u00e4lkommen f\u00f6rbi h\u00e4r d\u00e5 igen!<\/p>\n<p>&nbsp;<\/p>\n","protected":false},"excerpt":{"rendered":"<p>Vi avslutar jubileumsm\u00e5naden med ett sprillans nytt m\u00f6nster i v\u00e5r G\u00f6teborgs-kollektion: den virkade m\u00f6ssan &#8221;Ullevi&#8221;! Det var kombinationen av f\u00e4rg och form p\u00e5 stolarna inne p\u00e5 arenan som inspirerade oss\u00a0till att virka en m\u00f6ssa med utg\u00e5ngspunkt fr\u00e5n detta. Ullevi invigdes klockan 18.15 den 29:e maj 1958. Ett par timmar efter invigningen la Gunnar Gren det [&hellip;]<\/p>\n","protected":false},"author":1,"featured_media":0,"comment_status":"open","ping_status":"open","sticky":false,"template":"","format":"standard","meta":{"_exactmetrics_skip_tracking":false,"_exactmetrics_sitenote_active":false,"_exactmetrics_sitenote_note":"","_exactmetrics_sitenote_category":0,"footnotes":""},"categories":[52,54],"tags":[],"class_list":["post-2210","post","type-post","status-publish","format-standard","hentry","category-50-arsjubileum","category-goteborgskollektionen"],"_links":{"self":[{"href":"https:\/\/deisy.se\/index.php?rest_route=\/wp\/v2\/posts\/2210"}],"collection":[{"href":"https:\/\/deisy.se\/index.php?rest_route=\/wp\/v2\/posts"}],"about":[{"href":"https:\/\/deisy.se\/index.php?rest_route=\/wp\/v2\/types\/post"}],"author":[{"embeddable":true,"href":"https:\/\/deisy.se\/index.php?rest_route=\/wp\/v2\/users\/1"}],"replies":[{"embeddable":true,"href":"https:\/\/deisy.se\/index.php?rest_route=%2Fwp%2Fv2%2Fcomments&post=2210"}],"version-history":[{"count":5,"href":"https:\/\/deisy.se\/index.php?rest_route=\/wp\/v2\/posts\/2210\/revisions"}],"predecessor-version":[{"id":2434,"href":"https:\/\/deisy.se\/index.php?rest_route=\/wp\/v2\/posts\/2210\/revisions\/2434"}],"wp:attachment":[{"href":"https:\/\/deisy.se\/index.php?rest_route=%2Fwp%2Fv2%2Fmedia&parent=2210"}],"wp:term":[{"taxonomy":"category","embeddable":true,"href":"https:\/\/deisy.se\/index.php?rest_route=%2Fwp%2Fv2%2Fcategories&post=2210"},{"taxonomy":"post_tag","embeddable":true,"href":"https:\/\/deisy.se\/index.php?rest_route=%2Fwp%2Fv2%2Ftags&post=2210"}],"curies":[{"name":"wp","href":"https:\/\/api.w.org\/{rel}","templated":true}]}}