{"id":2177,"date":"2016-08-31T19:38:14","date_gmt":"2016-08-31T17:38:14","guid":{"rendered":"http:\/\/deisy.se\/?p=2177"},"modified":"2017-05-22T13:58:46","modified_gmt":"2017-05-22T11:58:46","slug":"50-ars-festen-augusti-gotaplatsen","status":"publish","type":"post","link":"https:\/\/deisy.se\/?p=2177","title":{"rendered":"50-\u00e5rs festen augusti: &#8221;G\u00f6taplatsen&#8221;"},"content":{"rendered":"<p>S\u00e5klart m\u00e5ste v\u00e5r granne G\u00f6taplatsen vara med i v\u00e5r G\u00f6teborgs-kollektion! H\u00e4r finns det m\u00f6nster och inspiration s\u00e5 att det fl\u00f6dar vill vi lova. Vi valde att ta till oss valven p\u00e5 Konstmus\u00e9et och utifr\u00e5n dessa leka med dess former i kombination med trappan och linjerna p\u00e5 toppen.<\/p>\n<p><a href=\"http:\/\/media.deisy.se\/2016\/08\/Senast-\u00f6verf\u00f6rda59.jpg\"><img loading=\"lazy\" decoding=\"async\" class=\"aligncenter size-medium wp-image-2178\" src=\"http:\/\/media.deisy.se\/2016\/08\/Senast-\u00f6verf\u00f6rda59-300x240.jpg\" alt=\"Senast \u00f6verf\u00f6rda59\" width=\"300\" height=\"240\" srcset=\"http:\/\/media.deisy.se\/2016\/08\/Senast-\u00f6verf\u00f6rda59-300x240.jpg 300w, http:\/\/media.deisy.se\/2016\/08\/Senast-\u00f6verf\u00f6rda59-768x614.jpg 768w, http:\/\/media.deisy.se\/2016\/08\/Senast-\u00f6verf\u00f6rda59-1024x819.jpg 1024w, http:\/\/media.deisy.se\/2016\/08\/Senast-\u00f6verf\u00f6rda59-375x300.jpg 375w\" sizes=\"(max-width: 300px) 100vw, 300px\" \/><\/a><\/p>\n<p>Vi har valt att sticka &#8221;G\u00f6taplatsen&#8221; i 100% alpacka &#8211; en kvalit\u00e9 som \u00e4r helt of\u00e4rgad och finns i ett g\u00e4ng naturliga nyanser. De vi valt ligger n\u00e4ra byggnadens karakt\u00e4r och genom att dessutom leka lite med r\u00e4ta och sl\u00e4ta maskor s\u00e5 ger det djup till dessa m\u00e4ktiga valv som tronar allra l\u00e4ngst upp p\u00e5 Kungsportsavenyn.<\/p>\n<p><a href=\"http:\/\/media.deisy.se\/2016\/08\/gota1.jpg\"><img loading=\"lazy\" decoding=\"async\" class=\"aligncenter size-medium wp-image-2179\" src=\"http:\/\/media.deisy.se\/2016\/08\/gota1-225x300.jpg\" alt=\"gota1\" width=\"225\" height=\"300\" srcset=\"http:\/\/media.deisy.se\/2016\/08\/gota1-225x300.jpg 225w, http:\/\/media.deisy.se\/2016\/08\/gota1-768x1024.jpg 768w, http:\/\/media.deisy.se\/2016\/08\/gota1.jpg 960w\" sizes=\"(max-width: 225px) 100vw, 225px\" \/><\/a><\/p>\n<p>Tack sn\u00e4lla fina G\u00f6taplatsen f\u00f6r att du \u00e4r en s\u00e5 str\u00e5lande granne och bjuder p\u00e5 s\u00e5 mycket vackert och roligt 365 dagar om \u00e5ret!<\/p>\n<p>https:\/\/www.instagram.com\/p\/BJYDBMiAEFQ\/<\/p>\n<p>Vi n\u00e4rmar oss oktober &#8211; d\u00e5 blir det festligheter hela m\u00e5naden l\u00e5ng! Och sedan \u00e4r det inte l\u00e5ngt kvar till \u00e5rets julkalender &#8211; hejsan hoppsan vilken festlig h\u00f6st som \u00e4r p\u00e5 ing\u00e5ng!<\/p>\n<p>&nbsp;<\/p>\n","protected":false},"excerpt":{"rendered":"<p>S\u00e5klart m\u00e5ste v\u00e5r granne G\u00f6taplatsen vara med i v\u00e5r G\u00f6teborgs-kollektion! H\u00e4r finns det m\u00f6nster och inspiration s\u00e5 att det fl\u00f6dar vill vi lova. Vi valde att ta till oss valven p\u00e5 Konstmus\u00e9et och utifr\u00e5n dessa leka med dess former i kombination med trappan och linjerna p\u00e5 toppen. Vi har valt att sticka &#8221;G\u00f6taplatsen&#8221; i 100% [&hellip;]<\/p>\n","protected":false},"author":1,"featured_media":0,"comment_status":"open","ping_status":"open","sticky":false,"template":"","format":"standard","meta":{"_exactmetrics_skip_tracking":false,"_exactmetrics_sitenote_active":false,"_exactmetrics_sitenote_note":"","_exactmetrics_sitenote_category":0,"footnotes":""},"categories":[52,7,54,32,11],"tags":[],"class_list":["post-2177","post","type-post","status-publish","format-standard","hentry","category-50-arsjubileum","category-deisy-design","category-goteborgskollektionen","category-monster","category-sticktips"],"_links":{"self":[{"href":"https:\/\/deisy.se\/index.php?rest_route=\/wp\/v2\/posts\/2177"}],"collection":[{"href":"https:\/\/deisy.se\/index.php?rest_route=\/wp\/v2\/posts"}],"about":[{"href":"https:\/\/deisy.se\/index.php?rest_route=\/wp\/v2\/types\/post"}],"author":[{"embeddable":true,"href":"https:\/\/deisy.se\/index.php?rest_route=\/wp\/v2\/users\/1"}],"replies":[{"embeddable":true,"href":"https:\/\/deisy.se\/index.php?rest_route=%2Fwp%2Fv2%2Fcomments&post=2177"}],"version-history":[{"count":5,"href":"https:\/\/deisy.se\/index.php?rest_route=\/wp\/v2\/posts\/2177\/revisions"}],"predecessor-version":[{"id":2432,"href":"https:\/\/deisy.se\/index.php?rest_route=\/wp\/v2\/posts\/2177\/revisions\/2432"}],"wp:attachment":[{"href":"https:\/\/deisy.se\/index.php?rest_route=%2Fwp%2Fv2%2Fmedia&parent=2177"}],"wp:term":[{"taxonomy":"category","embeddable":true,"href":"https:\/\/deisy.se\/index.php?rest_route=%2Fwp%2Fv2%2Fcategories&post=2177"},{"taxonomy":"post_tag","embeddable":true,"href":"https:\/\/deisy.se\/index.php?rest_route=%2Fwp%2Fv2%2Ftags&post=2177"}],"curies":[{"name":"wp","href":"https:\/\/api.w.org\/{rel}","templated":true}]}}