{"id":2158,"date":"2016-07-29T22:45:38","date_gmt":"2016-07-29T20:45:38","guid":{"rendered":"http:\/\/deisy.se\/?p=2158"},"modified":"2017-05-22T13:58:13","modified_gmt":"2017-05-22T11:58:13","slug":"50-ars-festen-juli-saluhallen","status":"publish","type":"post","link":"https:\/\/deisy.se\/?p=2158","title":{"rendered":"50-\u00e5rs festen juli: &#8221;Saluhallen&#8221;"},"content":{"rendered":"<p><a href=\"http:\/\/media.deisy.se\/2016\/07\/salu2.jpg\"><img loading=\"lazy\" decoding=\"async\" class=\"alignright wp-image-2162 size-medium\" src=\"http:\/\/media.deisy.se\/2016\/07\/salu2-e1469824951788-300x300.jpg\" alt=\"salu2\" width=\"300\" height=\"300\" srcset=\"http:\/\/media.deisy.se\/2016\/07\/salu2-e1469824951788-300x300.jpg 300w, http:\/\/media.deisy.se\/2016\/07\/salu2-e1469824951788-150x150.jpg 150w, http:\/\/media.deisy.se\/2016\/07\/salu2-e1469824951788-768x768.jpg 768w, http:\/\/media.deisy.se\/2016\/07\/salu2-e1469824951788-1024x1024.jpg 1024w, http:\/\/media.deisy.se\/2016\/07\/salu2-e1469824951788.jpg 1280w\" sizes=\"(max-width: 300px) 100vw, 300px\" \/><\/a>Precis \u00f6verallt s\u00e5\u00a0finns det m\u00f6nster att finna&#8230; Ibland d\u00f6ljer de sig sm\u00e5tt och litet mellan kullerstenar, grus och tuvor. Ibland \u00e4r de stora &#8211; riktigt stora &#8211; s\u00e5 stora att man kanske inte f\u00f6rst inser att det \u00e4r ett m\u00f6nster. Febelisen som jobbar hos oss \u00e4r en fena p\u00e5 att hitta just dessa m\u00f6nster i v\u00e5r vardag och en dag s\u00e5g Febe\u00a0detta &#8211; som nu blev en vante i v\u00e5r G\u00f6teborgs-kollektion.<\/p>\n<p>Saluhallen \u00e4r allt en riktigt anrik byggnad\u00a0mitt i G\u00f6teborg. I\u00a0och kring\u00a0byggnaden kan man hitta det b\u00e4sta\u00a0av det mesta som har med mat att g\u00f6ra. H\u00e4ngm\u00f6rad entrecot\u00ea, fina plattfiskar, lagrade ostar, bakelser, korvar, gr\u00f6naste gr\u00f6nsakerna, b\u00e4sta bullarna, goaste luncherna, de blommigaste blommorna och mycket mycket mer!<\/p>\n<p>Dessutom r\u00e5kar det vara s\u00e5 att sj\u00e4lva byggnadens kortsida bjuder p\u00e5 ett fantastiskt m\u00f6nster som nu har blivit till en vante i v\u00e5r G\u00f6teborgs-kollektion. Vi kallar d\u00e4rf\u00f6r juli m\u00e5nads m\u00f6nster f\u00f6r &#8221;Saluhallen&#8221;! Det \u00e4r dessutom nu det \u00e4r som b\u00e4st att starta upp med just vant-projekt &#8211; dels \u00e4r det ett fiffigt litet arbete att sticka med under sensommardagar och dels f\u00f6r att om du b\u00f6rjar nu s\u00e5 \u00e4r du s\u00e4ker p\u00e5 att ha h\u00e4nderna\u00a0varma n\u00e4r det blir dags f\u00f6r det.<\/p>\n<p><a href=\"http:\/\/media.deisy.se\/2016\/07\/salu1.jpg\"><img loading=\"lazy\" decoding=\"async\" class=\"aligncenter size-medium wp-image-2163\" src=\"http:\/\/media.deisy.se\/2016\/07\/salu1-300x300.jpg\" alt=\"salu1\" width=\"300\" height=\"300\" srcset=\"http:\/\/media.deisy.se\/2016\/07\/salu1-300x300.jpg 300w, http:\/\/media.deisy.se\/2016\/07\/salu1-150x150.jpg 150w, http:\/\/media.deisy.se\/2016\/07\/salu1-768x768.jpg 768w, http:\/\/media.deisy.se\/2016\/07\/salu1.jpg 1024w\" sizes=\"(max-width: 300px) 100vw, 300px\" \/><\/a><\/p>\n<p>Vi har valt ett riktigt favorit-garn: Onions Ecological Wool &amp; Nettles med 130m\/50g. M\u00f6nstret har vi som vanligt i denna kollektion inte graderat utan \u00e4r lagom till liten dam storlek. L\u00e4ttaste s\u00e4ttet att g\u00f6ra det lite st\u00f6rre \u00e4r att ta lite gr\u00f6vre garn och en halv eller hel storlek st\u00f6rre p\u00e5 stickorna.\u00a0<a href=\"http:\/\/media.deisy.se\/2016\/07\/salu2.jpg\"><br \/>\n<\/a><\/p>\n<p><a href=\"http:\/\/media.deisy.se\/2016\/07\/salu3.jpg\"><img loading=\"lazy\" decoding=\"async\" class=\"aligncenter size-medium wp-image-2164\" src=\"http:\/\/media.deisy.se\/2016\/07\/salu3-300x300.jpg\" alt=\"salu3\" width=\"300\" height=\"300\" srcset=\"http:\/\/media.deisy.se\/2016\/07\/salu3-300x300.jpg 300w, http:\/\/media.deisy.se\/2016\/07\/salu3-150x150.jpg 150w, http:\/\/media.deisy.se\/2016\/07\/salu3-768x768.jpg 768w, http:\/\/media.deisy.se\/2016\/07\/salu3.jpg 1024w\" sizes=\"(max-width: 300px) 100vw, 300px\" \/><\/a><\/p>\n","protected":false},"excerpt":{"rendered":"<p>Precis \u00f6verallt s\u00e5\u00a0finns det m\u00f6nster att finna&#8230; Ibland d\u00f6ljer de sig sm\u00e5tt och litet mellan kullerstenar, grus och tuvor. Ibland \u00e4r de stora &#8211; riktigt stora &#8211; s\u00e5 stora att man kanske inte f\u00f6rst inser att det \u00e4r ett m\u00f6nster. Febelisen som jobbar hos oss \u00e4r en fena p\u00e5 att hitta just dessa m\u00f6nster i [&hellip;]<\/p>\n","protected":false},"author":1,"featured_media":0,"comment_status":"open","ping_status":"open","sticky":false,"template":"","format":"standard","meta":{"_exactmetrics_skip_tracking":false,"_exactmetrics_sitenote_active":false,"_exactmetrics_sitenote_note":"","_exactmetrics_sitenote_category":0,"footnotes":""},"categories":[52,7,54,32],"tags":[],"class_list":["post-2158","post","type-post","status-publish","format-standard","hentry","category-50-arsjubileum","category-deisy-design","category-goteborgskollektionen","category-monster"],"_links":{"self":[{"href":"https:\/\/deisy.se\/index.php?rest_route=\/wp\/v2\/posts\/2158"}],"collection":[{"href":"https:\/\/deisy.se\/index.php?rest_route=\/wp\/v2\/posts"}],"about":[{"href":"https:\/\/deisy.se\/index.php?rest_route=\/wp\/v2\/types\/post"}],"author":[{"embeddable":true,"href":"https:\/\/deisy.se\/index.php?rest_route=\/wp\/v2\/users\/1"}],"replies":[{"embeddable":true,"href":"https:\/\/deisy.se\/index.php?rest_route=%2Fwp%2Fv2%2Fcomments&post=2158"}],"version-history":[{"count":7,"href":"https:\/\/deisy.se\/index.php?rest_route=\/wp\/v2\/posts\/2158\/revisions"}],"predecessor-version":[{"id":2431,"href":"https:\/\/deisy.se\/index.php?rest_route=\/wp\/v2\/posts\/2158\/revisions\/2431"}],"wp:attachment":[{"href":"https:\/\/deisy.se\/index.php?rest_route=%2Fwp%2Fv2%2Fmedia&parent=2158"}],"wp:term":[{"taxonomy":"category","embeddable":true,"href":"https:\/\/deisy.se\/index.php?rest_route=%2Fwp%2Fv2%2Fcategories&post=2158"},{"taxonomy":"post_tag","embeddable":true,"href":"https:\/\/deisy.se\/index.php?rest_route=%2Fwp%2Fv2%2Ftags&post=2158"}],"curies":[{"name":"wp","href":"https:\/\/api.w.org\/{rel}","templated":true}]}}