{"id":2115,"date":"2016-04-29T20:34:05","date_gmt":"2016-04-29T18:34:05","guid":{"rendered":"http:\/\/deisy.se\/?p=2115"},"modified":"2017-05-22T13:55:35","modified_gmt":"2017-05-22T11:55:35","slug":"50-ars-festen-april-hakan","status":"publish","type":"post","link":"https:\/\/deisy.se\/?p=2115","title":{"rendered":"50-\u00e5rs festen april: &#8221;H\u00e5kan&#8221;"},"content":{"rendered":"<p>Vi tyckte att det var dags att vi gjorde en sj\u00f6mans-sjal inspirerad av en av G\u00f6teborgs storheter: H\u00e5kan Hellstr\u00f6m! Det l\u00e4mpade sig ju extra speciellt att publicera detta m\u00f6nster idag n\u00e4r Hellstr\u00f6m s\u00e4kert f\u00f6rbereder sig som b\u00e4st f\u00f6r sina spelningar i New York. Sen \u00e4r det snart dags f\u00f6r uts\u00e5lda konserter p\u00e5 Ullevi &#8211; kanske vill du sticka dig en &#8221;H\u00e5kan&#8221; lagom till konserterna?<\/p>\n<p><a href=\"http:\/\/media.deisy.se\/2016\/04\/2016-571.jpg\"><img loading=\"lazy\" decoding=\"async\" class=\"size-medium wp-image-2117 alignright\" src=\"http:\/\/media.deisy.se\/2016\/04\/2016-571-200x300.jpg\" alt=\"2016 571\" width=\"200\" height=\"300\" srcset=\"http:\/\/media.deisy.se\/2016\/04\/2016-571-200x300.jpg 200w, http:\/\/media.deisy.se\/2016\/04\/2016-571-768x1152.jpg 768w, http:\/\/media.deisy.se\/2016\/04\/2016-571-683x1024.jpg 683w\" sizes=\"(max-width: 200px) 100vw, 200px\" \/><\/a><\/p>\n<p>Vi har gjort tv\u00e5 varianter: en som vi kallar krage och en som vi kallar sjal. B\u00e5da \u00e4r uppbyggda p\u00e5 samma grundm\u00f6nster men med tunnare\/gr\u00f6vre garn och tunnare\/gr\u00f6vre stickor. Det blir d\u00e4rf\u00f6r en lite n\u00e4ttare krage att l\u00e4gga om halsen eller en stor sjal att svepa in sig i.<\/p>\n<p>Tyv\u00e4rr har inte v\u00e4dret i G\u00f6teborg med regn, storm och hagel riktigt varit p\u00e5 v\u00e5r sida denna veckan och de fina bilderna som skulle tagits i hamnen har d\u00e4rmed uteblivit. Ist\u00e4llet blir det tills vidare lite inomhusbilder att h\u00e5lla till godo med tills v\u00e5rv\u00e4dret best\u00e4mmer sig f\u00f6r att hitta tillbaka.<\/p>\n<p><a href=\"http:\/\/media.deisy.se\/2016\/04\/Senast-\u00f6verf\u00f6rda56.jpg\"><img loading=\"lazy\" decoding=\"async\" class=\"aligncenter size-medium wp-image-2116\" src=\"http:\/\/media.deisy.se\/2016\/04\/Senast-\u00f6verf\u00f6rda56-270x300.jpg\" alt=\"Senast \u00f6verf\u00f6rda56\" width=\"270\" height=\"300\" srcset=\"http:\/\/media.deisy.se\/2016\/04\/Senast-\u00f6verf\u00f6rda56-270x300.jpg 270w, http:\/\/media.deisy.se\/2016\/04\/Senast-\u00f6verf\u00f6rda56-768x853.jpg 768w, http:\/\/media.deisy.se\/2016\/04\/Senast-\u00f6verf\u00f6rda56-922x1024.jpg 922w\" sizes=\"(max-width: 270px) 100vw, 270px\" \/><\/a><\/p>\n<p>&nbsp;<\/p>\n","protected":false},"excerpt":{"rendered":"<p>Vi tyckte att det var dags att vi gjorde en sj\u00f6mans-sjal inspirerad av en av G\u00f6teborgs storheter: H\u00e5kan Hellstr\u00f6m! Det l\u00e4mpade sig ju extra speciellt att publicera detta m\u00f6nster idag n\u00e4r Hellstr\u00f6m s\u00e4kert f\u00f6rbereder sig som b\u00e4st f\u00f6r sina spelningar i New York. Sen \u00e4r det snart dags f\u00f6r uts\u00e5lda konserter p\u00e5 Ullevi &#8211; kanske [&hellip;]<\/p>\n","protected":false},"author":1,"featured_media":0,"comment_status":"open","ping_status":"open","sticky":false,"template":"","format":"standard","meta":{"_exactmetrics_skip_tracking":false,"_exactmetrics_sitenote_active":false,"_exactmetrics_sitenote_note":"","_exactmetrics_sitenote_category":0,"footnotes":""},"categories":[52,7,54,32],"tags":[],"class_list":["post-2115","post","type-post","status-publish","format-standard","hentry","category-50-arsjubileum","category-deisy-design","category-goteborgskollektionen","category-monster"],"_links":{"self":[{"href":"https:\/\/deisy.se\/index.php?rest_route=\/wp\/v2\/posts\/2115"}],"collection":[{"href":"https:\/\/deisy.se\/index.php?rest_route=\/wp\/v2\/posts"}],"about":[{"href":"https:\/\/deisy.se\/index.php?rest_route=\/wp\/v2\/types\/post"}],"author":[{"embeddable":true,"href":"https:\/\/deisy.se\/index.php?rest_route=\/wp\/v2\/users\/1"}],"replies":[{"embeddable":true,"href":"https:\/\/deisy.se\/index.php?rest_route=%2Fwp%2Fv2%2Fcomments&post=2115"}],"version-history":[{"count":9,"href":"https:\/\/deisy.se\/index.php?rest_route=\/wp\/v2\/posts\/2115\/revisions"}],"predecessor-version":[{"id":2426,"href":"https:\/\/deisy.se\/index.php?rest_route=\/wp\/v2\/posts\/2115\/revisions\/2426"}],"wp:attachment":[{"href":"https:\/\/deisy.se\/index.php?rest_route=%2Fwp%2Fv2%2Fmedia&parent=2115"}],"wp:term":[{"taxonomy":"category","embeddable":true,"href":"https:\/\/deisy.se\/index.php?rest_route=%2Fwp%2Fv2%2Fcategories&post=2115"},{"taxonomy":"post_tag","embeddable":true,"href":"https:\/\/deisy.se\/index.php?rest_route=%2Fwp%2Fv2%2Ftags&post=2115"}],"curies":[{"name":"wp","href":"https:\/\/api.w.org\/{rel}","templated":true}]}}