{"id":2105,"date":"2016-03-31T19:20:59","date_gmt":"2016-03-31T17:20:59","guid":{"rendered":"http:\/\/deisy.se\/?p=2105"},"modified":"2017-05-22T13:56:07","modified_gmt":"2017-05-22T11:56:07","slug":"50-ars-festen-mars-gasklockan","status":"publish","type":"post","link":"https:\/\/deisy.se\/?p=2105","title":{"rendered":"50-\u00e5rs festen mars: &#8221;Gasklockan&#8221;"},"content":{"rendered":"<p>Ett landm\u00e4rke av rang \u00e4r p\u00e5 v\u00e4g att g\u00e5 ur tiden. Det har i m\u00e5nga \u00e5r varit aktuellt att riva den h\u00f6ga burk-formade byggnaden som inte l\u00e4ngre \u00e4r i bruk, men en familj pilgrimsfalkar har \u00e5r efter annat st\u00e4llt till det. Nu verkar det som att denna sommar \u00e4r byggnadens sista och vi tog tillf\u00e4llet i akt att uppm\u00e4rksamma byggnaden som har\u00a0s\u00e5 m\u00e5nga fina strukturer. Det blev ett sj\u00e4lvklart linne d\u00e4r vi framf\u00f6r allt lekt med avigmaskor.<\/p>\n<p><a href=\"http:\/\/media.deisy.se\/2016\/03\/FullSizeRender.jpg\"><img loading=\"lazy\" decoding=\"async\" class=\"aligncenter wp-image-2106 size-large\" src=\"http:\/\/media.deisy.se\/2016\/03\/FullSizeRender-768x1024.jpg\" alt=\"FullSizeRender\" width=\"584\" height=\"779\" srcset=\"http:\/\/media.deisy.se\/2016\/03\/FullSizeRender-768x1024.jpg 768w, http:\/\/media.deisy.se\/2016\/03\/FullSizeRender-225x300.jpg 225w, http:\/\/media.deisy.se\/2016\/03\/FullSizeRender.jpg 1052w\" sizes=\"(max-width: 584px) 100vw, 584px\" \/><\/a><\/p>\n<p>Mars \u00e4r p\u00e5 sina sista timmar och det har varit en h\u00e4ndelserik m\u00e5nad &#8211; kanske framf\u00f6r allt f\u00f6r att Stickfest i V\u00e4st \u00e4gde rum helgen f\u00f6re p\u00e5sk och n\u00e4ra 300 deltagare var p\u00e5 olika s\u00e4tt med under v\u00e5r 10:e SiV p\u00e5 v\u00e4stkusten! Marstrand och Villa Maritime bj\u00f6d verkligen upp till dans och bj\u00f6d p\u00e5 utm\u00e4rkt v\u00e4der och fantastisk service! Tack alla h\u00e4rliga deltagare f\u00f6r att vi tillsammans gjorde helgen till en s\u00e5dan h\u00e4rlig stickfest!<\/p>\n<p>Under april s\u00e5 h\u00e4nder det en del del annat kul! Den 16 april \u00e4r det dags f\u00f6r det som numera har blivit en tradition: &#8221;<a href=\"https:\/\/www.facebook.com\/events\/206431029713950\/\" target=\"_blank\" rel=\"noopener noreferrer\">Det v\u00e5ras f\u00f6r Avenyn!<\/a>&#8221;. En fest f\u00f6r att fira att v\u00e5ren \u00e4r h\u00e4r och mellan 11-16 h\u00e4nder det saker l\u00e4ngs med hela Avenyn. Vi har \u00f6ppet till 16 denna l\u00f6rdag och har specialpriser p\u00e5 h\u00e4rliga v\u00e5rliga saker, men framf\u00f6r allt stor utf\u00f6rs\u00e4ljning av handstickade modeller till riktigt bra priser!<\/p>\n<p>Den 24 april klockan 13 \u00e4r vi p\u00e5 plats i samband med att Bio Roy har en specialvisning av Sticksp\u00e5ret. Det blir lite stickcaf\u00e9 &#8211; f\u00f6r den som beh\u00f6ver assistans eller f\u00f6r den som bara vill sticka tillsammans, vi har bjudit med Angoragarnet som kommer med sina fina angoragarner och Bohussticknings-kits samt att\u00a0regiss\u00f6ren Kjell Andersson \u00e4r p\u00e5 plats och pratar om sitt arbete med filmen. Biljetter k\u00f6per du via <a href=\"http:\/\/www.bioroy.se\" target=\"_blank\" rel=\"noopener noreferrer\">Bio Roys hemsida<\/a>.<\/p>\n<p>Sen \u00e4r det Valborg och d\u00e5 kommer v\u00e5r del av Avenyn st\u00e5 klar efter h\u00f6sten och vinterns byggnationer och vi ser med sp\u00e4nning fram emot hur det kommer att se ut utanf\u00f6r biblioteket&#8230;<\/p>\n<p><a href=\"http:\/\/media.deisy.se\/2016\/03\/IMG_0257.jpg\"><img loading=\"lazy\" decoding=\"async\" class=\"aligncenter size-medium wp-image-2107\" src=\"http:\/\/media.deisy.se\/2016\/03\/IMG_0257-300x300.jpg\" alt=\"IMG_0257\" width=\"300\" height=\"300\" srcset=\"http:\/\/media.deisy.se\/2016\/03\/IMG_0257-300x300.jpg 300w, http:\/\/media.deisy.se\/2016\/03\/IMG_0257-150x150.jpg 150w, http:\/\/media.deisy.se\/2016\/03\/IMG_0257-1024x1024.jpg 1024w, http:\/\/media.deisy.se\/2016\/03\/IMG_0257.jpg 1280w\" sizes=\"(max-width: 300px) 100vw, 300px\" \/><\/a><\/p>\n","protected":false},"excerpt":{"rendered":"<p>Ett landm\u00e4rke av rang \u00e4r p\u00e5 v\u00e4g att g\u00e5 ur tiden. Det har i m\u00e5nga \u00e5r varit aktuellt att riva den h\u00f6ga burk-formade byggnaden som inte l\u00e4ngre \u00e4r i bruk, men en familj pilgrimsfalkar har \u00e5r efter annat st\u00e4llt till det. Nu verkar det som att denna sommar \u00e4r byggnadens sista och vi tog tillf\u00e4llet [&hellip;]<\/p>\n","protected":false},"author":1,"featured_media":0,"comment_status":"open","ping_status":"open","sticky":false,"template":"","format":"standard","meta":{"_exactmetrics_skip_tracking":false,"_exactmetrics_sitenote_active":false,"_exactmetrics_sitenote_note":"","_exactmetrics_sitenote_category":0,"footnotes":""},"categories":[52,7,13,54,32,11],"tags":[],"class_list":["post-2105","post","type-post","status-publish","format-standard","hentry","category-50-arsjubileum","category-deisy-design","category-garnstudio","category-goteborgskollektionen","category-monster","category-sticktips"],"_links":{"self":[{"href":"https:\/\/deisy.se\/index.php?rest_route=\/wp\/v2\/posts\/2105"}],"collection":[{"href":"https:\/\/deisy.se\/index.php?rest_route=\/wp\/v2\/posts"}],"about":[{"href":"https:\/\/deisy.se\/index.php?rest_route=\/wp\/v2\/types\/post"}],"author":[{"embeddable":true,"href":"https:\/\/deisy.se\/index.php?rest_route=\/wp\/v2\/users\/1"}],"replies":[{"embeddable":true,"href":"https:\/\/deisy.se\/index.php?rest_route=%2Fwp%2Fv2%2Fcomments&post=2105"}],"version-history":[{"count":5,"href":"https:\/\/deisy.se\/index.php?rest_route=\/wp\/v2\/posts\/2105\/revisions"}],"predecessor-version":[{"id":2427,"href":"https:\/\/deisy.se\/index.php?rest_route=\/wp\/v2\/posts\/2105\/revisions\/2427"}],"wp:attachment":[{"href":"https:\/\/deisy.se\/index.php?rest_route=%2Fwp%2Fv2%2Fmedia&parent=2105"}],"wp:term":[{"taxonomy":"category","embeddable":true,"href":"https:\/\/deisy.se\/index.php?rest_route=%2Fwp%2Fv2%2Fcategories&post=2105"},{"taxonomy":"post_tag","embeddable":true,"href":"https:\/\/deisy.se\/index.php?rest_route=%2Fwp%2Fv2%2Ftags&post=2105"}],"curies":[{"name":"wp","href":"https:\/\/api.w.org\/{rel}","templated":true}]}}