{"id":2062,"date":"2015-12-21T00:12:55","date_gmt":"2015-12-20T23:12:55","guid":{"rendered":"http:\/\/deisy.se\/?p=2062"},"modified":"2015-12-21T10:35:10","modified_gmt":"2015-12-21T09:35:10","slug":"lucka-21-rea-pa-marstrand","status":"publish","type":"post","link":"https:\/\/deisy.se\/?p=2062","title":{"rendered":"Lucka 21: Rea p\u00e5 &#8221;Marstrand&#8221;!"},"content":{"rendered":"<p>N\u00e4r vi nu imorgon skall g\u00e5 mot ljusare tider igen, s\u00e5 passar det bra att i dagens lucka ha lite tankar p\u00e5 kommande s\u00e4song och d\u00e4rf\u00f6r har vi idag specialpris p\u00e5 material till sjalen &#8221;Marstrand&#8221;.<\/p>\n<p>P\u00e5 bilden \u00e4r sjalen i original men det finns m\u00e5nga andra kombinationer att v\u00e4lja p\u00e5.<\/p>\n<p>Grunden &#8211; den randiga delen &#8211; \u00e4r stickad i Drops Belle som \u00e4r ett garn i kombinationen bomull, lin och viskos och d\u00e4r de senare tv\u00e5 materialen ger s\u00e5v\u00e4l ett fint fall som en snygg yta till det stickade. Den avslutande volangen\/v\u00e5gskummet, \u00e4r stickat i Greta som \u00e4r ett bomullsgarn fr\u00e5n Lane Mondial d\u00e4r det \u00e4r inspunnet sm\u00e5 p\u00e4rlor p\u00e5 tr\u00e5den.<\/p>\n<p style=\"text-align: center;\"><a href=\"http:\/\/media.deisy.se\/2015\/12\/sussimrstrcollage.jpg\"><img loading=\"lazy\" decoding=\"async\" class=\"aligncenter size-medium wp-image-2063\" src=\"http:\/\/media.deisy.se\/2015\/12\/sussimrstrcollage-300x300.jpg\" alt=\"sussimrstrcollage\" width=\"300\" height=\"300\" srcset=\"http:\/\/media.deisy.se\/2015\/12\/sussimrstrcollage-300x300.jpg 300w, http:\/\/media.deisy.se\/2015\/12\/sussimrstrcollage-150x150.jpg 150w, http:\/\/media.deisy.se\/2015\/12\/sussimrstrcollage.jpg 800w\" sizes=\"(max-width: 300px) 100vw, 300px\" \/><\/a><\/p>\n<p style=\"text-align: center;\"><span style=\"background-color: #ffffff; font-size: 24pt; color: #333399;\">Dagens pris: endast 160!<br \/>\n<span style=\"font-size: 14pt;\">(ordinarie pris 208:-) <\/span><\/span><\/p>\n<p>Vill du best\u00e4lla hem material s\u00e5 l\u00e4gger du en order via info@deisydesign.nu. Postens avgifter f\u00f6r frakt tillkommer och best\u00e4llningar m\u00e5ste f\u00f6rskottsbetala &#8211; efter lagd order \u00e5terkommer vi med bekr\u00e4ftelse. Dagens erbjudande g\u00e5r ej att kombinera med andra erbjudanden eller rabatter och g\u00e4ller innevarande lager.<\/p>\n<p>Vinnare av garnpaketet i lucka 19 blev\u00a0Annica &#8217;Ancie&#8217; Ihrner &#8211; grattis!<\/p>\n","protected":false},"excerpt":{"rendered":"<p>N\u00e4r vi nu imorgon skall g\u00e5 mot ljusare tider igen, s\u00e5 passar det bra att i dagens lucka ha lite tankar p\u00e5 kommande s\u00e4song och d\u00e4rf\u00f6r har vi idag specialpris p\u00e5 material till sjalen &#8221;Marstrand&#8221;. P\u00e5 bilden \u00e4r sjalen i original men det finns m\u00e5nga andra kombinationer att v\u00e4lja p\u00e5. Grunden &#8211; den randiga delen [&hellip;]<\/p>\n","protected":false},"author":1,"featured_media":0,"comment_status":"open","ping_status":"open","sticky":false,"template":"","format":"standard","meta":{"_exactmetrics_skip_tracking":false,"_exactmetrics_sitenote_active":false,"_exactmetrics_sitenote_note":"","_exactmetrics_sitenote_category":0,"footnotes":""},"categories":[51],"tags":[],"class_list":["post-2062","post","type-post","status-publish","format-standard","hentry","category-julkalender-2015"],"_links":{"self":[{"href":"https:\/\/deisy.se\/index.php?rest_route=\/wp\/v2\/posts\/2062"}],"collection":[{"href":"https:\/\/deisy.se\/index.php?rest_route=\/wp\/v2\/posts"}],"about":[{"href":"https:\/\/deisy.se\/index.php?rest_route=\/wp\/v2\/types\/post"}],"author":[{"embeddable":true,"href":"https:\/\/deisy.se\/index.php?rest_route=\/wp\/v2\/users\/1"}],"replies":[{"embeddable":true,"href":"https:\/\/deisy.se\/index.php?rest_route=%2Fwp%2Fv2%2Fcomments&post=2062"}],"version-history":[{"count":2,"href":"https:\/\/deisy.se\/index.php?rest_route=\/wp\/v2\/posts\/2062\/revisions"}],"predecessor-version":[{"id":2066,"href":"https:\/\/deisy.se\/index.php?rest_route=\/wp\/v2\/posts\/2062\/revisions\/2066"}],"wp:attachment":[{"href":"https:\/\/deisy.se\/index.php?rest_route=%2Fwp%2Fv2%2Fmedia&parent=2062"}],"wp:term":[{"taxonomy":"category","embeddable":true,"href":"https:\/\/deisy.se\/index.php?rest_route=%2Fwp%2Fv2%2Fcategories&post=2062"},{"taxonomy":"post_tag","embeddable":true,"href":"https:\/\/deisy.se\/index.php?rest_route=%2Fwp%2Fv2%2Ftags&post=2062"}],"curies":[{"name":"wp","href":"https:\/\/api.w.org\/{rel}","templated":true}]}}