{"id":2037,"date":"2015-12-17T00:10:25","date_gmt":"2015-12-16T23:10:25","guid":{"rendered":"http:\/\/deisy.se\/?p=2037"},"modified":"2015-12-16T18:33:36","modified_gmt":"2015-12-16T17:33:36","slug":"lucka-17-25-rabatt-pa-lovikka","status":"publish","type":"post","link":"https:\/\/deisy.se\/?p=2037","title":{"rendered":"Lucka 17: 25% rabatt p\u00e5 Lovikka"},"content":{"rendered":"<p>I lucka 17 ger vi 25% rabatt p\u00e5 det fina Lovikka-garnet fr\u00e5n Ullcentrum. En mjuk variant av det klassiska och t\u00e5liga garnet som h\u00e5ller tassarna varma \u00e4ven om vantarna blir bl\u00f6ta &#8211; fiffigt, eller hur?<\/p>\n<p>Vi har det i naturvitt och tre gr\u00e5 nyanser.\u00a0Garnet finns b\u00e5de i butiken p\u00e5 Avenyn och i <a href=\"http:\/\/postorder.deisydesign.nu\/index.php?route=product\/category&amp;path=18_193\" target=\"_blank\">webbutiken <\/a>och erbjudandet g\u00e4ller endast idag den 17\/12 och g\u00e5r ej att kombinera med andra erbjudanden eller rabatter.<\/p>\n<p>Dagens pris: 50:-\/100g f\u00f6r naturvitt och ljusgr\u00e5tt, 55:-\/100g f\u00f6r gr\u00e5tt och m\u00f6rkgr\u00e5tt.<\/p>\n<p><a href=\"http:\/\/media.deisy.se\/2015\/12\/lovikka.jpg\"><img loading=\"lazy\" decoding=\"async\" class=\"aligncenter size-medium wp-image-2038\" src=\"http:\/\/media.deisy.se\/2015\/12\/lovikka-300x300.jpg\" alt=\"lovikka\" width=\"300\" height=\"300\" srcset=\"http:\/\/media.deisy.se\/2015\/12\/lovikka-300x300.jpg 300w, http:\/\/media.deisy.se\/2015\/12\/lovikka-150x150.jpg 150w, http:\/\/media.deisy.se\/2015\/12\/lovikka.jpg 640w\" sizes=\"(max-width: 300px) 100vw, 300px\" \/><\/a><\/p>\n","protected":false},"excerpt":{"rendered":"<p>I lucka 17 ger vi 25% rabatt p\u00e5 det fina Lovikka-garnet fr\u00e5n Ullcentrum. En mjuk variant av det klassiska och t\u00e5liga garnet som h\u00e5ller tassarna varma \u00e4ven om vantarna blir bl\u00f6ta &#8211; fiffigt, eller hur? Vi har det i naturvitt och tre gr\u00e5 nyanser.\u00a0Garnet finns b\u00e5de i butiken p\u00e5 Avenyn och i webbutiken och erbjudandet [&hellip;]<\/p>\n","protected":false},"author":1,"featured_media":0,"comment_status":"open","ping_status":"open","sticky":false,"template":"","format":"standard","meta":{"_exactmetrics_skip_tracking":false,"_exactmetrics_sitenote_active":false,"_exactmetrics_sitenote_note":"","_exactmetrics_sitenote_category":0,"footnotes":""},"categories":[51],"tags":[],"class_list":["post-2037","post","type-post","status-publish","format-standard","hentry","category-julkalender-2015"],"_links":{"self":[{"href":"https:\/\/deisy.se\/index.php?rest_route=\/wp\/v2\/posts\/2037"}],"collection":[{"href":"https:\/\/deisy.se\/index.php?rest_route=\/wp\/v2\/posts"}],"about":[{"href":"https:\/\/deisy.se\/index.php?rest_route=\/wp\/v2\/types\/post"}],"author":[{"embeddable":true,"href":"https:\/\/deisy.se\/index.php?rest_route=\/wp\/v2\/users\/1"}],"replies":[{"embeddable":true,"href":"https:\/\/deisy.se\/index.php?rest_route=%2Fwp%2Fv2%2Fcomments&post=2037"}],"version-history":[{"count":4,"href":"https:\/\/deisy.se\/index.php?rest_route=\/wp\/v2\/posts\/2037\/revisions"}],"predecessor-version":[{"id":2042,"href":"https:\/\/deisy.se\/index.php?rest_route=\/wp\/v2\/posts\/2037\/revisions\/2042"}],"wp:attachment":[{"href":"https:\/\/deisy.se\/index.php?rest_route=%2Fwp%2Fv2%2Fmedia&parent=2037"}],"wp:term":[{"taxonomy":"category","embeddable":true,"href":"https:\/\/deisy.se\/index.php?rest_route=%2Fwp%2Fv2%2Fcategories&post=2037"},{"taxonomy":"post_tag","embeddable":true,"href":"https:\/\/deisy.se\/index.php?rest_route=%2Fwp%2Fv2%2Ftags&post=2037"}],"curies":[{"name":"wp","href":"https:\/\/api.w.org\/{rel}","templated":true}]}}