{"id":1998,"date":"2015-12-13T00:05:28","date_gmt":"2015-12-12T23:05:28","guid":{"rendered":"http:\/\/deisy.se\/?p=1998"},"modified":"2015-12-13T23:59:28","modified_gmt":"2015-12-13T22:59:28","slug":"lucka-13-vinnare-av-deisy-x-mas-tavlingen","status":"publish","type":"post","link":"https:\/\/deisy.se\/?p=1998","title":{"rendered":"Lucka 13: Vinnare av Deisy X-mas t\u00e4vlingen!"},"content":{"rendered":"<p>H\u00e4rligt med en massa vinnare s\u00e5 h\u00e4r f\u00f6re jul! I dagens lucka avsl\u00f6jar vi vinnaren i v\u00e5r t\u00e4vling som kickades ig\u00e5ng redan i slutet av oktober. Fantastiska bidrag har l\u00e4mnats in under november d\u00e4r juryn haft ett tufft jobb att utse en vinnare. En jury best\u00e5ende av icke handarbetande m\u00e4nniskor av olika typ och \u00e5lder &#8211; varav ingen arbetar i butiken.&nbsp;<\/p>\n<p>Eftersom det var s\u00e5 m\u00e5nga fina bidrag s\u00e5 sl\u00e4ngde jag in ett par tr\u00f6stpriser ocks\u00e5 \ud83d\ude42&nbsp;<\/p>\n<p>P\u00e5 tredjeplats: ett presentkort p\u00e5 100:- g\u00e5r till Anna f\u00f6r den st\u00e4rkta stj\u00e4rnan i tunt gr\u00e5tt ullgarn. Vansinnigt l\u00e4cker!&nbsp;<\/p>\n<p>&nbsp;<a href=\"http:\/\/media.deisy.se\/2015\/12\/IMG_9227.jpg\"><img decoding=\"async\" src=\"http:\/\/media.deisy.se\/2015\/12\/IMG_9227.jpg\" alt=\"\"><\/a>&nbsp;<\/p>\n<p>P\u00e5 andra plats: ett presentkort p\u00e5 100:- till Therese f\u00f6r den pytte-lilla m\u00f6nsterstickade sockan! &nbsp;<a href=\"http:\/\/media.deisy.se\/2015\/12\/IMG_9222.jpg\"><img decoding=\"async\" src=\"http:\/\/media.deisy.se\/2015\/12\/IMG_9222.jpg\" alt=\"\"><\/a>&nbsp;<\/p>\n<p>P\u00e5 f\u00f6rstaplats: ett stort grattis till Sandra och den lilla sn\u00f6gubben. Oerh\u00f6rt v\u00e4lgjord och detaljerad med sina sm\u00e5 glasp\u00e4rlor till \u00f6gon och knappar. Ett smycke f\u00f6r vilken gran som helst! &nbsp;Ett presentkort p\u00e5 hela 400:- blir Sandras &#8211; grattis!&nbsp;<a href=\"http:\/\/media.deisy.se\/2015\/12\/IMG_9220.jpg\"><img decoding=\"async\" src=\"http:\/\/media.deisy.se\/2015\/12\/IMG_9220.jpg\" alt=\"\"><\/a>&nbsp;<\/p>\n<p>Ovanst\u00e5ende vinnare kontaktas under m\u00e5ndagen 14\/12 och imorgon m\u00e5ndag \u00f6ppnas nya luckor \u00e5 &nbsp;s\u00e5 avsl\u00f6jas s\u00e5 klart \u00e4ven vinnaren till g\u00e5rdagens lucka!&nbsp;<\/p>\n","protected":false},"excerpt":{"rendered":"<p>H\u00e4rligt med en massa vinnare s\u00e5 h\u00e4r f\u00f6re jul! I dagens lucka avsl\u00f6jar vi vinnaren i v\u00e5r t\u00e4vling som kickades ig\u00e5ng redan i slutet av oktober. Fantastiska bidrag har l\u00e4mnats in under november d\u00e4r juryn haft ett tufft jobb att utse en vinnare. En jury best\u00e5ende av icke handarbetande m\u00e4nniskor av olika typ och \u00e5lder [&hellip;]<\/p>\n","protected":false},"author":1,"featured_media":0,"comment_status":"open","ping_status":"open","sticky":false,"template":"","format":"standard","meta":{"_exactmetrics_skip_tracking":false,"_exactmetrics_sitenote_active":false,"_exactmetrics_sitenote_note":"","_exactmetrics_sitenote_category":0,"footnotes":""},"categories":[50,51,1],"tags":[],"class_list":["post-1998","post","type-post","status-publish","format-standard","hentry","category-deisy-x-mas","category-julkalender-2015","category-uncategorized"],"_links":{"self":[{"href":"https:\/\/deisy.se\/index.php?rest_route=\/wp\/v2\/posts\/1998"}],"collection":[{"href":"https:\/\/deisy.se\/index.php?rest_route=\/wp\/v2\/posts"}],"about":[{"href":"https:\/\/deisy.se\/index.php?rest_route=\/wp\/v2\/types\/post"}],"author":[{"embeddable":true,"href":"https:\/\/deisy.se\/index.php?rest_route=\/wp\/v2\/users\/1"}],"replies":[{"embeddable":true,"href":"https:\/\/deisy.se\/index.php?rest_route=%2Fwp%2Fv2%2Fcomments&post=1998"}],"version-history":[{"count":3,"href":"https:\/\/deisy.se\/index.php?rest_route=\/wp\/v2\/posts\/1998\/revisions"}],"predecessor-version":[{"id":2004,"href":"https:\/\/deisy.se\/index.php?rest_route=\/wp\/v2\/posts\/1998\/revisions\/2004"}],"wp:attachment":[{"href":"https:\/\/deisy.se\/index.php?rest_route=%2Fwp%2Fv2%2Fmedia&parent=1998"}],"wp:term":[{"taxonomy":"category","embeddable":true,"href":"https:\/\/deisy.se\/index.php?rest_route=%2Fwp%2Fv2%2Fcategories&post=1998"},{"taxonomy":"post_tag","embeddable":true,"href":"https:\/\/deisy.se\/index.php?rest_route=%2Fwp%2Fv2%2Ftags&post=1998"}],"curies":[{"name":"wp","href":"https:\/\/api.w.org\/{rel}","templated":true}]}}