{"id":1888,"date":"2015-04-20T14:58:58","date_gmt":"2015-04-20T12:58:58","guid":{"rendered":"http:\/\/deisy.se\/?p=1888"},"modified":"2015-04-20T14:58:58","modified_gmt":"2015-04-20T12:58:58","slug":"det-varas-pa-avenyn","status":"publish","type":"post","link":"https:\/\/deisy.se\/?p=1888","title":{"rendered":"&#8221;Det v\u00e5ras p\u00e5 Avenyn!&#8221;"},"content":{"rendered":"<p><a href=\"http:\/\/media.deisy.se\/2015\/04\/varas.jpg\"><img loading=\"lazy\" decoding=\"async\" class=\" size-medium wp-image-1889 alignright\" src=\"http:\/\/media.deisy.se\/2015\/04\/varas-300x257.jpg\" alt=\"varas\" width=\"300\" height=\"257\" srcset=\"http:\/\/media.deisy.se\/2015\/04\/varas-300x257.jpg 300w, http:\/\/media.deisy.se\/2015\/04\/varas.jpg 456w\" sizes=\"(max-width: 300px) 100vw, 300px\" \/><\/a>Nu p\u00e5 l\u00f6rdag den 25 april 2015 \u00e4r det v\u00e5rfest l\u00e4ngs med hela Avenyn och \u00e4nda bort till Liseberg som \u00f6ppnar f\u00f6r s\u00e4songen!<\/p>\n<p>Vi passar samtidigt p\u00e5 att fira att det \u00e4r 25 \u00e5r sedan vi l\u00e4mnade Eklandagatan 8 och flyttade till Avenyn 39.<\/p>\n<p>Vi har \u00f6ppet 10.00-16.00 och har fin-fina erbjudanden hela dagen &#8211; bland annat utvalda kvalit\u00e9er kraftigt rabatterade till endast 25:-\/50g och massor av f\u00e4rdigstickade modeller som vi s\u00e4ljer ut f\u00f6r 250:-! Men kom f\u00f6rbi f\u00f6r det kan allt dyka upp andra erbjudanden ocks\u00e5&#8230;<\/p>\n<p>&#8221;A friend of Deisy Design&#8221;: Lohrs Pocket med mera har dagen till \u00e4ra\u00a0massor av fina stickb\u00f6cker hos oss i butiken som s\u00e4ljs till &#8221;v\u00e5rliga&#8221; priser.<\/p>\n<p>V\u00e4lkommen!<\/p>\n","protected":false},"excerpt":{"rendered":"<p>Nu p\u00e5 l\u00f6rdag den 25 april 2015 \u00e4r det v\u00e5rfest l\u00e4ngs med hela Avenyn och \u00e4nda bort till Liseberg som \u00f6ppnar f\u00f6r s\u00e4songen! Vi passar samtidigt p\u00e5 att fira att det \u00e4r 25 \u00e5r sedan vi l\u00e4mnade Eklandagatan 8 och flyttade till Avenyn 39. Vi har \u00f6ppet 10.00-16.00 och har fin-fina erbjudanden hela dagen &#8211; [&hellip;]<\/p>\n","protected":false},"author":1,"featured_media":0,"comment_status":"open","ping_status":"open","sticky":false,"template":"","format":"standard","meta":{"_exactmetrics_skip_tracking":false,"_exactmetrics_sitenote_active":false,"_exactmetrics_sitenote_note":"","_exactmetrics_sitenote_category":0,"footnotes":""},"categories":[7],"tags":[],"class_list":["post-1888","post","type-post","status-publish","format-standard","hentry","category-deisy-design"],"_links":{"self":[{"href":"https:\/\/deisy.se\/index.php?rest_route=\/wp\/v2\/posts\/1888"}],"collection":[{"href":"https:\/\/deisy.se\/index.php?rest_route=\/wp\/v2\/posts"}],"about":[{"href":"https:\/\/deisy.se\/index.php?rest_route=\/wp\/v2\/types\/post"}],"author":[{"embeddable":true,"href":"https:\/\/deisy.se\/index.php?rest_route=\/wp\/v2\/users\/1"}],"replies":[{"embeddable":true,"href":"https:\/\/deisy.se\/index.php?rest_route=%2Fwp%2Fv2%2Fcomments&post=1888"}],"version-history":[{"count":1,"href":"https:\/\/deisy.se\/index.php?rest_route=\/wp\/v2\/posts\/1888\/revisions"}],"predecessor-version":[{"id":1890,"href":"https:\/\/deisy.se\/index.php?rest_route=\/wp\/v2\/posts\/1888\/revisions\/1890"}],"wp:attachment":[{"href":"https:\/\/deisy.se\/index.php?rest_route=%2Fwp%2Fv2%2Fmedia&parent=1888"}],"wp:term":[{"taxonomy":"category","embeddable":true,"href":"https:\/\/deisy.se\/index.php?rest_route=%2Fwp%2Fv2%2Fcategories&post=1888"},{"taxonomy":"post_tag","embeddable":true,"href":"https:\/\/deisy.se\/index.php?rest_route=%2Fwp%2Fv2%2Ftags&post=1888"}],"curies":[{"name":"wp","href":"https:\/\/api.w.org\/{rel}","templated":true}]}}