{"id":1730,"date":"2014-12-02T07:00:19","date_gmt":"2014-12-02T05:00:19","guid":{"rendered":"http:\/\/deisy.se\/?p=1730"},"modified":"2014-12-02T15:04:51","modified_gmt":"2014-12-02T13:04:51","slug":"lucka-2-romeo-for-100","status":"publish","type":"post","link":"https:\/\/deisy.se\/?p=1730","title":{"rendered":"Lucka 2: Romeo f\u00f6r 100:-"},"content":{"rendered":"<p>H\u00e4r \u00e4r ett kanon-erbjudande: mjuka ullen Romeo som \u00e4r ny f\u00f6r s\u00e4songen och en av Laines du Nords tillf\u00e4lliga kvalit\u00e9er s\u00e4ljer vi idag f\u00f6r endast 100:-\/h\u00e4rva. Ordinarie pris \u00e4r 190:-\/h\u00e4rva. Varje h\u00e4rva \u00e4r p\u00e5 s\u00e5 mycket som 200g och 300 meter s\u00e5 det r\u00e4cker till exempel till m\u00f6ssa och halsv\u00e4rmare. Snabbstickat ocks\u00e5 s\u00e5 det kan bli fina julklappar&#8230;<\/p>\n<p>Garnet finns i begr\u00e4nsat antal och i tre f\u00e4rgst\u00e4llningar. Du hittar dem i v\u00e5r <a href=\"http:\/\/postorder.deisydesign.nu\/index.php?route=product\/category&amp;path=18_153\" target=\"_blank\">webbutik <\/a>eller sj\u00e4lvklart i butiken p\u00e5 Avenyn.<\/p>\n<p><a href=\"http:\/\/media.deisy.se\/2014\/12\/1-Senast-\u00f6verf\u00f6rda48.jpg\"><img loading=\"lazy\" decoding=\"async\" class=\"aligncenter size-full wp-image-1731\" src=\"http:\/\/media.deisy.se\/2014\/12\/1-Senast-\u00f6verf\u00f6rda48.jpg\" alt=\"1-Senast \u00f6verf\u00f6rda48\" width=\"480\" height=\"432\" srcset=\"http:\/\/media.deisy.se\/2014\/12\/1-Senast-\u00f6verf\u00f6rda48.jpg 480w, http:\/\/media.deisy.se\/2014\/12\/1-Senast-\u00f6verf\u00f6rda48-300x270.jpg 300w\" sizes=\"(max-width: 480px) 100vw, 480px\" \/><\/a><\/p>\n<p>Vinnaren av g\u00e5rdagens utlottning. Elisabeth &#8211; som har som favoritf\u00e4rg &#8221;Ljust gr\u00f6n, en nyans som ger mig k\u00e4nslan av en b\u00f6ljande blommande sommar\u00e4ng.&#8221;! Grattis till Elisabeth\u00a0och tack alla som deltog!<\/p>\n","protected":false},"excerpt":{"rendered":"<p>H\u00e4r \u00e4r ett kanon-erbjudande: mjuka ullen Romeo som \u00e4r ny f\u00f6r s\u00e4songen och en av Laines du Nords tillf\u00e4lliga kvalit\u00e9er s\u00e4ljer vi idag f\u00f6r endast 100:-\/h\u00e4rva. Ordinarie pris \u00e4r 190:-\/h\u00e4rva. Varje h\u00e4rva \u00e4r p\u00e5 s\u00e5 mycket som 200g och 300 meter s\u00e5 det r\u00e4cker till exempel till m\u00f6ssa och halsv\u00e4rmare. Snabbstickat ocks\u00e5 s\u00e5 det kan [&hellip;]<\/p>\n","protected":false},"author":1,"featured_media":0,"comment_status":"open","ping_status":"open","sticky":false,"template":"","format":"standard","meta":{"_exactmetrics_skip_tracking":false,"_exactmetrics_sitenote_active":false,"_exactmetrics_sitenote_note":"","_exactmetrics_sitenote_category":0,"footnotes":""},"categories":[7,31,27],"tags":[],"class_list":["post-1730","post","type-post","status-publish","format-standard","hentry","category-deisy-design","category-julkalender","category-nyheter"],"_links":{"self":[{"href":"https:\/\/deisy.se\/index.php?rest_route=\/wp\/v2\/posts\/1730"}],"collection":[{"href":"https:\/\/deisy.se\/index.php?rest_route=\/wp\/v2\/posts"}],"about":[{"href":"https:\/\/deisy.se\/index.php?rest_route=\/wp\/v2\/types\/post"}],"author":[{"embeddable":true,"href":"https:\/\/deisy.se\/index.php?rest_route=\/wp\/v2\/users\/1"}],"replies":[{"embeddable":true,"href":"https:\/\/deisy.se\/index.php?rest_route=%2Fwp%2Fv2%2Fcomments&post=1730"}],"version-history":[{"count":3,"href":"https:\/\/deisy.se\/index.php?rest_route=\/wp\/v2\/posts\/1730\/revisions"}],"predecessor-version":[{"id":1734,"href":"https:\/\/deisy.se\/index.php?rest_route=\/wp\/v2\/posts\/1730\/revisions\/1734"}],"wp:attachment":[{"href":"https:\/\/deisy.se\/index.php?rest_route=%2Fwp%2Fv2%2Fmedia&parent=1730"}],"wp:term":[{"taxonomy":"category","embeddable":true,"href":"https:\/\/deisy.se\/index.php?rest_route=%2Fwp%2Fv2%2Fcategories&post=1730"},{"taxonomy":"post_tag","embeddable":true,"href":"https:\/\/deisy.se\/index.php?rest_route=%2Fwp%2Fv2%2Ftags&post=1730"}],"curies":[{"name":"wp","href":"https:\/\/api.w.org\/{rel}","templated":true}]}}