{"id":1638,"date":"2014-11-11T23:01:03","date_gmt":"2014-11-11T21:01:03","guid":{"rendered":"http:\/\/deisy.se\/?p=1638"},"modified":"2014-11-12T00:01:35","modified_gmt":"2014-11-11T22:01:35","slug":"tema-dag-11-svartvitt","status":"publish","type":"post","link":"https:\/\/deisy.se\/?p=1638","title":{"rendered":"Tema dag 11: Svartvitt"},"content":{"rendered":"<p><a href=\"http:\/\/media.deisy.se\/2014\/11\/paris.jpg\"><img loading=\"lazy\" decoding=\"async\" class=\"alignright size-medium wp-image-1639\" src=\"http:\/\/media.deisy.se\/2014\/11\/paris-239x300.jpg\" alt=\"paris\" width=\"239\" height=\"300\" srcset=\"http:\/\/media.deisy.se\/2014\/11\/paris-239x300.jpg 239w, http:\/\/media.deisy.se\/2014\/11\/paris.jpg 334w\" sizes=\"(max-width: 239px) 100vw, 239px\" \/><\/a>Vi\u00a0har jobbat mycket med sjalar under en tid &#8211; det fanns ett g\u00e4ng som jag fantiserade om och\u00a0som bara ville bli stickade. Pl\u00f6tsligt gavs det tid och ett drygt 10-tal blev tillverkade, fotade och utskrivna i blixtens hastighet s\u00e5 att de var klara till\u00a0Syfestivalen f\u00f6r ett par veckor sedan. Nu i dagarna kommer de att finnas i <a href=\"http:\/\/www.postorder.deisydesign.nu\" target=\"_blank\">webbutiken <\/a>ocks\u00e5.<\/p>\n<p>En personlig favorit (fast det \u00e4r v\u00e4\u00e4\u00e4\u00e4ldigt sv\u00e5rt att v\u00e4lja en) var nog den h\u00e4r som heter\u00a0&#8221;Paris&#8221; och som blev helt ljuvlig i Onions Fino Organic Wool + nettle.<\/p>\n<p>En annan svartvitt reflektion som gjordes alldeles nyss ute p\u00e5 den n\u00e5got \u00f6vergivna altanen: ett par skuggor mot en murstock&#8230;visst kunde v\u00e4l det bli ett intressant m\u00f6nster att experimentera med p\u00e5 ett framstycke!<\/p>\n<p><a href=\"http:\/\/media.deisy.se\/2014\/11\/svartvit.jpg\"><img loading=\"lazy\" decoding=\"async\" class=\"aligncenter size-medium wp-image-1640\" src=\"http:\/\/media.deisy.se\/2014\/11\/svartvit-225x300.jpg\" alt=\"svartvit\" width=\"225\" height=\"300\" srcset=\"http:\/\/media.deisy.se\/2014\/11\/svartvit-225x300.jpg 225w, http:\/\/media.deisy.se\/2014\/11\/svartvit-768x1024.jpg 768w, http:\/\/media.deisy.se\/2014\/11\/svartvit.jpg 1224w\" sizes=\"(max-width: 225px) 100vw, 225px\" \/><\/a><\/p>\n","protected":false},"excerpt":{"rendered":"<p>Vi\u00a0har jobbat mycket med sjalar under en tid &#8211; det fanns ett g\u00e4ng som jag fantiserade om och\u00a0som bara ville bli stickade. Pl\u00f6tsligt gavs det tid och ett drygt 10-tal blev tillverkade, fotade och utskrivna i blixtens hastighet s\u00e5 att de var klara till\u00a0Syfestivalen f\u00f6r ett par veckor sedan. Nu i dagarna kommer de att [&hellip;]<\/p>\n","protected":false},"author":1,"featured_media":0,"comment_status":"open","ping_status":"open","sticky":false,"template":"","format":"standard","meta":{"_exactmetrics_skip_tracking":false,"_exactmetrics_sitenote_active":false,"_exactmetrics_sitenote_note":"","_exactmetrics_sitenote_category":0,"footnotes":""},"categories":[7,47,9,46],"tags":[],"class_list":["post-1638","post","type-post","status-publish","format-standard","hentry","category-deisy-design","category-jorden-runt-pa-80-sjalar","category-stickat","category-sticklingens-fotoutmaning"],"_links":{"self":[{"href":"https:\/\/deisy.se\/index.php?rest_route=\/wp\/v2\/posts\/1638"}],"collection":[{"href":"https:\/\/deisy.se\/index.php?rest_route=\/wp\/v2\/posts"}],"about":[{"href":"https:\/\/deisy.se\/index.php?rest_route=\/wp\/v2\/types\/post"}],"author":[{"embeddable":true,"href":"https:\/\/deisy.se\/index.php?rest_route=\/wp\/v2\/users\/1"}],"replies":[{"embeddable":true,"href":"https:\/\/deisy.se\/index.php?rest_route=%2Fwp%2Fv2%2Fcomments&post=1638"}],"version-history":[{"count":3,"href":"https:\/\/deisy.se\/index.php?rest_route=\/wp\/v2\/posts\/1638\/revisions"}],"predecessor-version":[{"id":1643,"href":"https:\/\/deisy.se\/index.php?rest_route=\/wp\/v2\/posts\/1638\/revisions\/1643"}],"wp:attachment":[{"href":"https:\/\/deisy.se\/index.php?rest_route=%2Fwp%2Fv2%2Fmedia&parent=1638"}],"wp:term":[{"taxonomy":"category","embeddable":true,"href":"https:\/\/deisy.se\/index.php?rest_route=%2Fwp%2Fv2%2Fcategories&post=1638"},{"taxonomy":"post_tag","embeddable":true,"href":"https:\/\/deisy.se\/index.php?rest_route=%2Fwp%2Fv2%2Ftags&post=1638"}],"curies":[{"name":"wp","href":"https:\/\/api.w.org\/{rel}","templated":true}]}}