{"id":1626,"date":"2014-11-08T21:54:32","date_gmt":"2014-11-08T19:54:32","guid":{"rendered":"http:\/\/deisy.se\/?p=1626"},"modified":"2014-11-08T22:56:50","modified_gmt":"2014-11-08T20:56:50","slug":"fotoutmaning-flytande","status":"publish","type":"post","link":"https:\/\/deisy.se\/?p=1626","title":{"rendered":"Fotoutmaning: flytande&#8230;"},"content":{"rendered":"<p>Missade g\u00e5rdagens bild&#8230; Telefonbyte och fredagen kom emellan&#8230;<\/p>\n<p>Idag t\u00e4nker jag ist\u00e4llet s\u00e5 h\u00e4r: var p\u00e5 v\u00e4g att fota en bild p\u00e5 isbitar i snabblunchens dricka fr\u00e5n en k\u00e4nd snabbmatskedja i min n\u00e4rhet men kom p\u00e5 en helt annan sak! <\/p>\n<p>N\u00e5got som alltid h\u00e5ller mig flytande &#8211; oavsett hur m\u00e5nga nystan jag s\u00e4ljer per dag, oavsett hur m\u00e5nga nystan jag skickar per dag, oavsett hur m\u00e5nga nystan jag fyller p\u00e5 per dag&#8230;s\u00e5 \u00e4r det att sl\u00e5 sig ner p\u00e5 kv\u00e4llen och sticka ett g\u00e4ng maskor fr\u00e5n ett par nystan som h\u00e5ller mig flytande. Finns inget som \u00e4r s\u00e5 gott f\u00f6r sj\u00e4len och h\u00e5ller mig p\u00e5 r\u00e4tt k\u00f6l! <\/p>\n<p>L\u00e4ste h\u00e4romdagen ett citat som l\u00f6d ungef\u00e4r s\u00e5 h\u00e4r: &#8221;att sticka \u00e4r som att boka tid med sig sj\u00e4lv&#8221;&#8230;bland det b\u00e4sta jag har l\u00e4st! Tyv\u00e4rr vet jag inte vem som skrev det och inte var jag s\u00e5g det men precis p\u00e5 pricken \u00e4r det ett citat som jag kan ta till mig: n\u00e4r jag stickar \u00e4r det mellan mig och maskorna och vi har en date \u2764\ufe0f (Sen kan det ju ibland blir s\u00e5 att stickningen innefattar en deadline till butiken&#8230;men det \u00e4r en helt annan femma \ud83d\ude09 <\/p>\n<p><a href=\"http:\/\/media.deisy.se\/2014\/11\/IMG_6091.jpg\"><img decoding=\"async\" src=\"http:\/\/media.deisy.se\/2014\/11\/IMG_6091.jpg\" alt=\"IMG_6091.JPG\" class=\"alignnone size-full\" \/><\/a><\/p>\n","protected":false},"excerpt":{"rendered":"<p>Missade g\u00e5rdagens bild&#8230; Telefonbyte och fredagen kom emellan&#8230; Idag t\u00e4nker jag ist\u00e4llet s\u00e5 h\u00e4r: var p\u00e5 v\u00e4g att fota en bild p\u00e5 isbitar i snabblunchens dricka fr\u00e5n en k\u00e4nd snabbmatskedja i min n\u00e4rhet men kom p\u00e5 en helt annan sak! N\u00e5got som alltid h\u00e5ller mig flytande &#8211; oavsett hur m\u00e5nga nystan jag s\u00e4ljer per dag, [&hellip;]<\/p>\n","protected":false},"author":1,"featured_media":1625,"comment_status":"open","ping_status":"open","sticky":false,"template":"","format":"standard","meta":{"_exactmetrics_skip_tracking":false,"_exactmetrics_sitenote_active":false,"_exactmetrics_sitenote_note":"","_exactmetrics_sitenote_category":0,"footnotes":""},"categories":[7,46],"tags":[],"class_list":["post-1626","post","type-post","status-publish","format-standard","has-post-thumbnail","hentry","category-deisy-design","category-sticklingens-fotoutmaning"],"_links":{"self":[{"href":"https:\/\/deisy.se\/index.php?rest_route=\/wp\/v2\/posts\/1626"}],"collection":[{"href":"https:\/\/deisy.se\/index.php?rest_route=\/wp\/v2\/posts"}],"about":[{"href":"https:\/\/deisy.se\/index.php?rest_route=\/wp\/v2\/types\/post"}],"author":[{"embeddable":true,"href":"https:\/\/deisy.se\/index.php?rest_route=\/wp\/v2\/users\/1"}],"replies":[{"embeddable":true,"href":"https:\/\/deisy.se\/index.php?rest_route=%2Fwp%2Fv2%2Fcomments&post=1626"}],"version-history":[{"count":2,"href":"https:\/\/deisy.se\/index.php?rest_route=\/wp\/v2\/posts\/1626\/revisions"}],"predecessor-version":[{"id":1628,"href":"https:\/\/deisy.se\/index.php?rest_route=\/wp\/v2\/posts\/1626\/revisions\/1628"}],"wp:featuredmedia":[{"embeddable":true,"href":"https:\/\/deisy.se\/index.php?rest_route=\/wp\/v2\/media\/1625"}],"wp:attachment":[{"href":"https:\/\/deisy.se\/index.php?rest_route=%2Fwp%2Fv2%2Fmedia&parent=1626"}],"wp:term":[{"taxonomy":"category","embeddable":true,"href":"https:\/\/deisy.se\/index.php?rest_route=%2Fwp%2Fv2%2Fcategories&post=1626"},{"taxonomy":"post_tag","embeddable":true,"href":"https:\/\/deisy.se\/index.php?rest_route=%2Fwp%2Fv2%2Ftags&post=1626"}],"curies":[{"name":"wp","href":"https:\/\/api.w.org\/{rel}","templated":true}]}}