{"id":1616,"date":"2014-11-05T22:07:39","date_gmt":"2014-11-05T20:07:39","guid":{"rendered":"http:\/\/deisy.se\/?p=1616"},"modified":"2014-11-05T22:07:39","modified_gmt":"2014-11-05T20:07:39","slug":"min-utsikt-just-nu","status":"publish","type":"post","link":"https:\/\/deisy.se\/?p=1616","title":{"rendered":"Min utsikt just nu&#8230;"},"content":{"rendered":"<p>Eller r\u00e4ttare sagt &#8211; nu \u00e4r det visst ett par timmar sedan&#8230; Gillar den h\u00e4r utsikten &#8211; att ta en kopp kaffe och titta ned i ena v\u00e5ningen av min &#8221;garngrotta&#8221;. Alla nystan och f\u00e4rger tillsammans skapar verkligen ett kreativt kaos!<\/p>\n<p>Mia virkar visst vidare p\u00e5 sin kofta i v\u00e5r fina f\u00e5t\u00f6lj som anv\u00e4nds flitigt: av oss sj\u00e4lva, av kunder som bl\u00e4ddrar i m\u00f6nsterp\u00e4rmar, av kunder som har sv\u00e5ra beslut om f\u00e4rg och form\u00a0att fatta eller av kunders medf\u00f6ljande v\u00e4nner som blir sj\u00e4laglada \u00f6ver att det finns en bekv\u00e4m sittplats att v\u00e4nta p\u00e5 under det att alla dessa beslut skall tas.<\/p>\n<p>Garnbutiken \u00e4r p\u00e5 intet sett stor med sina f\u00e5tal kvadratmeter men vi gillar att befinna oss p\u00e5 Avenyn &#8211; mitt i smeten &#8211; och ja, d\u00e5 f\u00e5r man vara n\u00f6jd med lite f\u00e4rre kvadratmeter \ud83d\ude09<\/p>\n<p><a href=\"http:\/\/media.deisy.se\/2014\/11\/5.jpg\"><img loading=\"lazy\" decoding=\"async\" class=\"aligncenter  wp-image-1617\" src=\"http:\/\/media.deisy.se\/2014\/11\/5-768x1024.jpg\" alt=\"5\" width=\"520\" height=\"693\" srcset=\"http:\/\/media.deisy.se\/2014\/11\/5-768x1024.jpg 768w, http:\/\/media.deisy.se\/2014\/11\/5-225x300.jpg 225w, http:\/\/media.deisy.se\/2014\/11\/5.jpg 1224w\" sizes=\"(max-width: 520px) 100vw, 520px\" \/><\/a><\/p>\n","protected":false},"excerpt":{"rendered":"<p>Eller r\u00e4ttare sagt &#8211; nu \u00e4r det visst ett par timmar sedan&#8230; Gillar den h\u00e4r utsikten &#8211; att ta en kopp kaffe och titta ned i ena v\u00e5ningen av min &#8221;garngrotta&#8221;. Alla nystan och f\u00e4rger tillsammans skapar verkligen ett kreativt kaos! Mia virkar visst vidare p\u00e5 sin kofta i v\u00e5r fina f\u00e5t\u00f6lj som anv\u00e4nds flitigt: [&hellip;]<\/p>\n","protected":false},"author":1,"featured_media":0,"comment_status":"open","ping_status":"open","sticky":false,"template":"","format":"standard","meta":{"_exactmetrics_skip_tracking":false,"_exactmetrics_sitenote_active":false,"_exactmetrics_sitenote_note":"","_exactmetrics_sitenote_category":0,"footnotes":""},"categories":[42,46],"tags":[],"class_list":["post-1616","post","type-post","status-publish","format-standard","hentry","category-debbie-bliss","category-sticklingens-fotoutmaning"],"_links":{"self":[{"href":"https:\/\/deisy.se\/index.php?rest_route=\/wp\/v2\/posts\/1616"}],"collection":[{"href":"https:\/\/deisy.se\/index.php?rest_route=\/wp\/v2\/posts"}],"about":[{"href":"https:\/\/deisy.se\/index.php?rest_route=\/wp\/v2\/types\/post"}],"author":[{"embeddable":true,"href":"https:\/\/deisy.se\/index.php?rest_route=\/wp\/v2\/users\/1"}],"replies":[{"embeddable":true,"href":"https:\/\/deisy.se\/index.php?rest_route=%2Fwp%2Fv2%2Fcomments&post=1616"}],"version-history":[{"count":2,"href":"https:\/\/deisy.se\/index.php?rest_route=\/wp\/v2\/posts\/1616\/revisions"}],"predecessor-version":[{"id":1619,"href":"https:\/\/deisy.se\/index.php?rest_route=\/wp\/v2\/posts\/1616\/revisions\/1619"}],"wp:attachment":[{"href":"https:\/\/deisy.se\/index.php?rest_route=%2Fwp%2Fv2%2Fmedia&parent=1616"}],"wp:term":[{"taxonomy":"category","embeddable":true,"href":"https:\/\/deisy.se\/index.php?rest_route=%2Fwp%2Fv2%2Fcategories&post=1616"},{"taxonomy":"post_tag","embeddable":true,"href":"https:\/\/deisy.se\/index.php?rest_route=%2Fwp%2Fv2%2Ftags&post=1616"}],"curies":[{"name":"wp","href":"https:\/\/api.w.org\/{rel}","templated":true}]}}