{"id":1501,"date":"2014-04-08T09:21:24","date_gmt":"2014-04-08T07:21:24","guid":{"rendered":"http:\/\/deisy.se\/?p=1501"},"modified":"2014-04-14T18:12:12","modified_gmt":"2014-04-14T16:12:12","slug":"det-varas-for-avenyn-2014","status":"publish","type":"post","link":"https:\/\/deisy.se\/?p=1501","title":{"rendered":"Det v\u00e5ras f\u00f6r Avenyn 2014"},"content":{"rendered":"<p>&nbsp;<\/p>\n<p><img loading=\"lazy\" decoding=\"async\" class=\"size-medium wp-image-1502 alignright\" style=\"line-height: 24px; font-size: 16px;\" alt=\"varas\" src=\"http:\/\/media.deisy.se\/2014\/04\/varas-298x300.png\" width=\"298\" height=\"300\" srcset=\"http:\/\/media.deisy.se\/2014\/04\/varas-298x300.png 298w, http:\/\/media.deisy.se\/2014\/04\/varas-150x150.png 150w, http:\/\/media.deisy.se\/2014\/04\/varas.png 425w\" sizes=\"(max-width: 298px) 100vw, 298px\" \/><\/p>\n<p>P\u00e5 l\u00f6rdag kommer v\u00e5ren till\u00a0Avenyn! Mellan 10 och 12 har vi &#8221;stickproblemsverkstad&#8221; i butiken. Har du n\u00e5got problem du beh\u00f6ver hj\u00e4lp med? Montering, m\u00f6nster som kr\u00e5nglar, maskor som inte g\u00f6r som du vill eller annat. V\u00e4lkommen f\u00f6rbi!<\/p>\n<p>Det kostar ingenting men det \u00e4r begr\u00e4nsat antal platser s\u00e5 anm\u00e4l dig att du kommer f\u00f6rbi till info@deisydesign.nu<\/p>\n<p>Handlar du f\u00f6r \u00f6ver 100:- bjuder vi p\u00e5 en liten v\u00e5rpresent mellan 10-14!<\/p>\n<p>Samtidigt i omr\u00e5det p\u00e5g\u00e5r det alla m\u00f6jliga aktiviteter under eventnamnet &#8221;<a href=\"http:\/\/www.avenyn.se\/det-varas-pa-avenyn\/\" target=\"_blank\">Det v\u00e5ras f\u00f6r Avenyn<\/a>&#8221;!<\/p>\n<p>P\u00e5 bilden \u00e4r det en kombination av bomullsgarnet Safran och Brushed Alpaca Silk som vid det h\u00e4r laget har blivit <a href=\"http:\/\/www.garnstudio.com\/lang\/se\/visoppskrift.php?d_nr=107&amp;d_id=21&amp;lang=se\" target=\"_blank\">modellen<\/a> nedan.<\/p>\n<p><a href=\"http:\/\/media.deisy.se\/2014\/04\/21-1.jpg\"><img loading=\"lazy\" decoding=\"async\" class=\"aligncenter size-medium wp-image-1503\" alt=\"21-1\" src=\"http:\/\/media.deisy.se\/2014\/04\/21-1-193x300.jpg\" width=\"193\" height=\"300\" srcset=\"http:\/\/media.deisy.se\/2014\/04\/21-1-193x300.jpg 193w, http:\/\/media.deisy.se\/2014\/04\/21-1.jpg 206w\" sizes=\"(max-width: 193px) 100vw, 193px\" \/><\/a><\/p>\n<p>&nbsp;<\/p>\n","protected":false},"excerpt":{"rendered":"<p>&nbsp; P\u00e5 l\u00f6rdag kommer v\u00e5ren till\u00a0Avenyn! Mellan 10 och 12 har vi &#8221;stickproblemsverkstad&#8221; i butiken. Har du n\u00e5got problem du beh\u00f6ver hj\u00e4lp med? Montering, m\u00f6nster som kr\u00e5nglar, maskor som inte g\u00f6r som du vill eller annat. V\u00e4lkommen f\u00f6rbi! Det kostar ingenting men det \u00e4r begr\u00e4nsat antal platser s\u00e5 anm\u00e4l dig att du kommer f\u00f6rbi till [&hellip;]<\/p>\n","protected":false},"author":1,"featured_media":0,"comment_status":"open","ping_status":"open","sticky":false,"template":"","format":"standard","meta":{"_exactmetrics_skip_tracking":false,"_exactmetrics_sitenote_active":false,"_exactmetrics_sitenote_note":"","_exactmetrics_sitenote_category":0,"footnotes":""},"categories":[7,8,15],"tags":[],"class_list":["post-1501","post","type-post","status-publish","format-standard","hentry","category-deisy-design","category-pa-stickorna","category-wip"],"_links":{"self":[{"href":"https:\/\/deisy.se\/index.php?rest_route=\/wp\/v2\/posts\/1501"}],"collection":[{"href":"https:\/\/deisy.se\/index.php?rest_route=\/wp\/v2\/posts"}],"about":[{"href":"https:\/\/deisy.se\/index.php?rest_route=\/wp\/v2\/types\/post"}],"author":[{"embeddable":true,"href":"https:\/\/deisy.se\/index.php?rest_route=\/wp\/v2\/users\/1"}],"replies":[{"embeddable":true,"href":"https:\/\/deisy.se\/index.php?rest_route=%2Fwp%2Fv2%2Fcomments&post=1501"}],"version-history":[{"count":3,"href":"https:\/\/deisy.se\/index.php?rest_route=\/wp\/v2\/posts\/1501\/revisions"}],"predecessor-version":[{"id":1506,"href":"https:\/\/deisy.se\/index.php?rest_route=\/wp\/v2\/posts\/1501\/revisions\/1506"}],"wp:attachment":[{"href":"https:\/\/deisy.se\/index.php?rest_route=%2Fwp%2Fv2%2Fmedia&parent=1501"}],"wp:term":[{"taxonomy":"category","embeddable":true,"href":"https:\/\/deisy.se\/index.php?rest_route=%2Fwp%2Fv2%2Fcategories&post=1501"},{"taxonomy":"post_tag","embeddable":true,"href":"https:\/\/deisy.se\/index.php?rest_route=%2Fwp%2Fv2%2Ftags&post=1501"}],"curies":[{"name":"wp","href":"https:\/\/api.w.org\/{rel}","templated":true}]}}