{"id":1478,"date":"2014-01-17T19:07:42","date_gmt":"2014-01-17T17:07:42","guid":{"rendered":"http:\/\/deisy.se\/?p=1478"},"modified":"2014-01-17T19:07:42","modified_gmt":"2014-01-17T17:07:42","slug":"lite-host-rea","status":"publish","type":"post","link":"https:\/\/deisy.se\/?p=1478","title":{"rendered":"Lite &#8221;h\u00f6st-rea&#8221;"},"content":{"rendered":"<p>Nu b\u00f6rjar sommarens nyheter s\u00e5 sm\u00e5tt att titta in&#8230;men s\u00e5 var det ju detta med att hitta lite plats f\u00f6r dessa godbitar&#8230;\u00a0D\u00e4rf\u00f6r har vi nu en liten gallring av lite vinter-kvalit\u00e9er. Vissa \u00e4r tillf\u00e4lligt nedsatta, andra \u00e4r nedsatta tills innevarande lager tar slut.<\/p>\n<p>P\u00e5 bilden har vi lite gott och blandat huller om buller men prisexempel finns under bilden. L\u00f6rdag \u00f6ppet 10-14. V\u00e4lkommen!<\/p>\n<p><a href=\"http:\/\/media.deisy.se\/2014\/01\/Senast-\u00f6verf\u00f6rda36.jpg\"><img loading=\"lazy\" decoding=\"async\" class=\"aligncenter size-full wp-image-1479\" alt=\"Senast \u00f6verf\u00f6rda36\" src=\"http:\/\/media.deisy.se\/2014\/01\/Senast-\u00f6verf\u00f6rda36.jpg\" width=\"640\" height=\"400\" srcset=\"http:\/\/media.deisy.se\/2014\/01\/Senast-\u00f6verf\u00f6rda36.jpg 640w, http:\/\/media.deisy.se\/2014\/01\/Senast-\u00f6verf\u00f6rda36-300x187.jpg 300w\" sizes=\"(max-width: 640px) 100vw, 640px\" \/><\/a><\/p>\n<p>&nbsp;<\/p>\n<p>Ett urval rea-priser fr\u00e5n och med 18 januari 2014 tills vidare:<br \/>\nFame Trend fr\u00e5n Marks &amp; Kattens: 50:-\/100g (tidigare 99:-)<br \/>\nRastatita fr\u00e5n Malabrigo: 100:-\/100g (tidigare 159:-)<br \/>\nEnergia fr\u00e5n Adriafil: 25:-\/50g (tidigare 59:-)<br \/>\nMalizia fr\u00e5n Adrialfil: 30:-\/50g (tidigare 62:-)<br \/>\nSilk Garden Sock fr\u00e5n Noro: 100:-\/100g (tidigare 200:-)<br \/>\nSultan fr\u00e5n Fonty: 50:-\/h\u00e4rva (tidigare 75:-)<br \/>\nAlpaca Superlight fr\u00e5n Lang: 20:-\/25g (tidigare 42:-)<\/p>\n<p>&nbsp;<\/p>\n","protected":false},"excerpt":{"rendered":"<p>Nu b\u00f6rjar sommarens nyheter s\u00e5 sm\u00e5tt att titta in&#8230;men s\u00e5 var det ju detta med att hitta lite plats f\u00f6r dessa godbitar&#8230;\u00a0D\u00e4rf\u00f6r har vi nu en liten gallring av lite vinter-kvalit\u00e9er. Vissa \u00e4r tillf\u00e4lligt nedsatta, andra \u00e4r nedsatta tills innevarande lager tar slut. P\u00e5 bilden har vi lite gott och blandat huller om buller men [&hellip;]<\/p>\n","protected":false},"author":1,"featured_media":0,"comment_status":"open","ping_status":"open","sticky":false,"template":"","format":"standard","meta":{"_exactmetrics_skip_tracking":false,"_exactmetrics_sitenote_active":false,"_exactmetrics_sitenote_note":"","_exactmetrics_sitenote_category":0,"footnotes":""},"categories":[7,19],"tags":[],"class_list":["post-1478","post","type-post","status-publish","format-standard","hentry","category-deisy-design","category-rea"],"_links":{"self":[{"href":"https:\/\/deisy.se\/index.php?rest_route=\/wp\/v2\/posts\/1478"}],"collection":[{"href":"https:\/\/deisy.se\/index.php?rest_route=\/wp\/v2\/posts"}],"about":[{"href":"https:\/\/deisy.se\/index.php?rest_route=\/wp\/v2\/types\/post"}],"author":[{"embeddable":true,"href":"https:\/\/deisy.se\/index.php?rest_route=\/wp\/v2\/users\/1"}],"replies":[{"embeddable":true,"href":"https:\/\/deisy.se\/index.php?rest_route=%2Fwp%2Fv2%2Fcomments&post=1478"}],"version-history":[{"count":1,"href":"https:\/\/deisy.se\/index.php?rest_route=\/wp\/v2\/posts\/1478\/revisions"}],"predecessor-version":[{"id":1480,"href":"https:\/\/deisy.se\/index.php?rest_route=\/wp\/v2\/posts\/1478\/revisions\/1480"}],"wp:attachment":[{"href":"https:\/\/deisy.se\/index.php?rest_route=%2Fwp%2Fv2%2Fmedia&parent=1478"}],"wp:term":[{"taxonomy":"category","embeddable":true,"href":"https:\/\/deisy.se\/index.php?rest_route=%2Fwp%2Fv2%2Fcategories&post=1478"},{"taxonomy":"post_tag","embeddable":true,"href":"https:\/\/deisy.se\/index.php?rest_route=%2Fwp%2Fv2%2Ftags&post=1478"}],"curies":[{"name":"wp","href":"https:\/\/api.w.org\/{rel}","templated":true}]}}