{"id":1367,"date":"2013-12-08T10:44:49","date_gmt":"2013-12-08T08:44:49","guid":{"rendered":"http:\/\/deisy.se\/?p=1367"},"modified":"2013-12-08T10:44:49","modified_gmt":"2013-12-08T08:44:49","slug":"lucka-8-vampyrstickning","status":"publish","type":"post","link":"https:\/\/deisy.se\/?p=1367","title":{"rendered":"Lucka 8 &#8211; Vampyrstickning!"},"content":{"rendered":"<p><a href=\"http:\/\/media.deisy.se\/2013\/12\/vampyr.jpg\"><img loading=\"lazy\" decoding=\"async\" class=\"alignright  wp-image-1368\" alt=\"vampyr\" src=\"http:\/\/media.deisy.se\/2013\/12\/vampyr.jpg\" width=\"300\" height=\"367\" srcset=\"http:\/\/media.deisy.se\/2013\/12\/vampyr.jpg 500w, http:\/\/media.deisy.se\/2013\/12\/vampyr-245x300.jpg 245w\" sizes=\"(max-width: 300px) 100vw, 300px\" \/><\/a>I lucka 8 finns det 5 stycken b\u00f6cker till specialpris. Endast 50:- f\u00f6r boken &#8221;Vampyrstickning&#8221; och h\u00e4r \u00e4r det f\u00f6rst till kvarn som g\u00e4ller!<\/p>\n<p>Vill du l\u00e4gga de stickade vantarna p\u00e5 ett exemplar s\u00e5 mailar du till info@deisydesign.nu. Under m\u00e5ndagen den 10\/12-13 s\u00e5 \u00e5terkommer vi med bekr\u00e4ftelse p\u00e5 om du lyckades vara bland de f\u00f6rsta fem eller ej.<\/p>\n<p>Vill du sedan ha din bok hemskickad s\u00e5 f\u00f6rskottsbetalar du f\u00f6r boken och dess frakt totalt 86:-. Vill du ist\u00e4llet h\u00e4mta upp boken i butiken s\u00e5 betalar du p\u00e5 plats.<\/p>\n<p>Bokens m\u00f6nster \u00e4r inspirerade fr\u00e5n filmer som Twilight, True Blood och Vampire Diaries.<\/p>\n","protected":false},"excerpt":{"rendered":"<p>I lucka 8 finns det 5 stycken b\u00f6cker till specialpris. Endast 50:- f\u00f6r boken &#8221;Vampyrstickning&#8221; och h\u00e4r \u00e4r det f\u00f6rst till kvarn som g\u00e4ller! Vill du l\u00e4gga de stickade vantarna p\u00e5 ett exemplar s\u00e5 mailar du till info@deisydesign.nu. Under m\u00e5ndagen den 10\/12-13 s\u00e5 \u00e5terkommer vi med bekr\u00e4ftelse p\u00e5 om du lyckades vara bland de f\u00f6rsta [&hellip;]<\/p>\n","protected":false},"author":1,"featured_media":0,"comment_status":"open","ping_status":"open","sticky":false,"template":"","format":"standard","meta":{"_exactmetrics_skip_tracking":false,"_exactmetrics_sitenote_active":false,"_exactmetrics_sitenote_note":"","_exactmetrics_sitenote_category":0,"footnotes":""},"categories":[7,31],"tags":[],"class_list":["post-1367","post","type-post","status-publish","format-standard","hentry","category-deisy-design","category-julkalender"],"_links":{"self":[{"href":"https:\/\/deisy.se\/index.php?rest_route=\/wp\/v2\/posts\/1367"}],"collection":[{"href":"https:\/\/deisy.se\/index.php?rest_route=\/wp\/v2\/posts"}],"about":[{"href":"https:\/\/deisy.se\/index.php?rest_route=\/wp\/v2\/types\/post"}],"author":[{"embeddable":true,"href":"https:\/\/deisy.se\/index.php?rest_route=\/wp\/v2\/users\/1"}],"replies":[{"embeddable":true,"href":"https:\/\/deisy.se\/index.php?rest_route=%2Fwp%2Fv2%2Fcomments&post=1367"}],"version-history":[{"count":1,"href":"https:\/\/deisy.se\/index.php?rest_route=\/wp\/v2\/posts\/1367\/revisions"}],"predecessor-version":[{"id":1369,"href":"https:\/\/deisy.se\/index.php?rest_route=\/wp\/v2\/posts\/1367\/revisions\/1369"}],"wp:attachment":[{"href":"https:\/\/deisy.se\/index.php?rest_route=%2Fwp%2Fv2%2Fmedia&parent=1367"}],"wp:term":[{"taxonomy":"category","embeddable":true,"href":"https:\/\/deisy.se\/index.php?rest_route=%2Fwp%2Fv2%2Fcategories&post=1367"},{"taxonomy":"post_tag","embeddable":true,"href":"https:\/\/deisy.se\/index.php?rest_route=%2Fwp%2Fv2%2Ftags&post=1367"}],"curies":[{"name":"wp","href":"https:\/\/api.w.org\/{rel}","templated":true}]}}