{"id":1309,"date":"2013-12-02T12:24:25","date_gmt":"2013-12-02T10:24:25","guid":{"rendered":"http:\/\/deisy.se\/?p=1309"},"modified":"2013-12-02T13:17:11","modified_gmt":"2013-12-02T11:17:11","slug":"lucka-2-det-skall-glittra-denna-sasong","status":"publish","type":"post","link":"https:\/\/deisy.se\/?p=1309","title":{"rendered":"Lucka 2 &#8211; det skall glittra denna s\u00e4song!"},"content":{"rendered":"<p>Och eftersom det skall glittra s\u00e5 \u00e4r dagens lucka ett specialpris p\u00e5 garnet Simonetta fr\u00e5n Louisa Harding.<\/p>\n<p>Kvalit\u00e9n ligger p\u00e5 50g nystan och best\u00e5r av en tunn mohairtr\u00e5d och en polyestertr\u00e5d kring vilken det ligger glitter runt &#8211; i guld eller silver beroende p\u00e5 f\u00e4rgval.<\/p>\n<p><a href=\"http:\/\/media.deisy.se\/2013\/12\/kringel.jpg\"><img loading=\"lazy\" decoding=\"async\" class=\"alignright size-medium wp-image-1310\" alt=\"kringel\" src=\"http:\/\/media.deisy.se\/2013\/12\/kringel-300x297.jpg\" width=\"300\" height=\"297\" srcset=\"http:\/\/media.deisy.se\/2013\/12\/kringel-300x297.jpg 300w, http:\/\/media.deisy.se\/2013\/12\/kringel-150x150.jpg 150w, http:\/\/media.deisy.se\/2013\/12\/kringel.jpg 457w\" sizes=\"(max-width: 300px) 100vw, 300px\" \/><\/a>Vi har t ex just stickat upp Kringelkroken d\u00e4r vi blandar garnet med Colinettes Giotto och kantar respektive sida men ytterligare lite &#8221;blingat&#8221; garn. Garnet g\u00f6r sig ocks\u00e5 utm\u00e4rkt p\u00e5 egen hand i t ex endast en enkel r\u00e4tstickad sjal p\u00e5 stickor i gr\u00f6vre storlek som t ex 8-9 mm.<\/p>\n<p>Idag den 2 december 2013 s\u00e4ljer vi garnet till specialpriset 50:-\/nystan (ordinarie pris 75:-\/50g). Det finns i <a href=\"http:\/\/postorder.deisydesign.nu\/index.php?route=product\/category&amp;path=60_127\" target=\"_blank\">webbutiken <\/a>ocks\u00e5 &#8211; men har du varken m\u00f6jlighet att l\u00e4gga order i webbutiken eller komma f\u00f6rbi butiken \u00e4r du v\u00e4lkommen att maila in till oss s\u00e5 kan vi l\u00e4gga undan f\u00f6r din r\u00e4kning: info@deisydesign.nu<\/p>\n<p>Erbjudandet g\u00e4ller s\u00e5 l\u00e5ngt innevarande lager r\u00e4cker dock endast den 2 december 2013.<\/p>\n<p><a href=\"http:\/\/media.deisy.se\/2013\/12\/Senast-\u00f6verf\u00f6rda29.jpg\"><img loading=\"lazy\" decoding=\"async\" class=\"aligncenter size-medium wp-image-1311\" alt=\"Senast \u00f6verf\u00f6rda29\" src=\"http:\/\/media.deisy.se\/2013\/12\/Senast-\u00f6verf\u00f6rda29-300x225.jpg\" width=\"300\" height=\"225\" srcset=\"http:\/\/media.deisy.se\/2013\/12\/Senast-\u00f6verf\u00f6rda29-300x225.jpg 300w, http:\/\/media.deisy.se\/2013\/12\/Senast-\u00f6verf\u00f6rda29.jpg 800w\" sizes=\"(max-width: 300px) 100vw, 300px\" \/><\/a><\/p>\n<p>&nbsp;<\/p>\n","protected":false},"excerpt":{"rendered":"<p>Och eftersom det skall glittra s\u00e5 \u00e4r dagens lucka ett specialpris p\u00e5 garnet Simonetta fr\u00e5n Louisa Harding. Kvalit\u00e9n ligger p\u00e5 50g nystan och best\u00e5r av en tunn mohairtr\u00e5d och en polyestertr\u00e5d kring vilken det ligger glitter runt &#8211; i guld eller silver beroende p\u00e5 f\u00e4rgval. Vi har t ex just stickat upp Kringelkroken d\u00e4r vi [&hellip;]<\/p>\n","protected":false},"author":1,"featured_media":0,"comment_status":"open","ping_status":"open","sticky":false,"template":"","format":"standard","meta":{"_exactmetrics_skip_tracking":false,"_exactmetrics_sitenote_active":false,"_exactmetrics_sitenote_note":"","_exactmetrics_sitenote_category":0,"footnotes":""},"categories":[7,34,31,35],"tags":[],"class_list":["post-1309","post","type-post","status-publish","format-standard","hentry","category-deisy-design","category-glitter","category-julkalender","category-louisa-harding"],"_links":{"self":[{"href":"https:\/\/deisy.se\/index.php?rest_route=\/wp\/v2\/posts\/1309"}],"collection":[{"href":"https:\/\/deisy.se\/index.php?rest_route=\/wp\/v2\/posts"}],"about":[{"href":"https:\/\/deisy.se\/index.php?rest_route=\/wp\/v2\/types\/post"}],"author":[{"embeddable":true,"href":"https:\/\/deisy.se\/index.php?rest_route=\/wp\/v2\/users\/1"}],"replies":[{"embeddable":true,"href":"https:\/\/deisy.se\/index.php?rest_route=%2Fwp%2Fv2%2Fcomments&post=1309"}],"version-history":[{"count":2,"href":"https:\/\/deisy.se\/index.php?rest_route=\/wp\/v2\/posts\/1309\/revisions"}],"predecessor-version":[{"id":1313,"href":"https:\/\/deisy.se\/index.php?rest_route=\/wp\/v2\/posts\/1309\/revisions\/1313"}],"wp:attachment":[{"href":"https:\/\/deisy.se\/index.php?rest_route=%2Fwp%2Fv2%2Fmedia&parent=1309"}],"wp:term":[{"taxonomy":"category","embeddable":true,"href":"https:\/\/deisy.se\/index.php?rest_route=%2Fwp%2Fv2%2Fcategories&post=1309"},{"taxonomy":"post_tag","embeddable":true,"href":"https:\/\/deisy.se\/index.php?rest_route=%2Fwp%2Fv2%2Ftags&post=1309"}],"curies":[{"name":"wp","href":"https:\/\/api.w.org\/{rel}","templated":true}]}}