{"id":1233,"date":"2013-10-14T14:26:03","date_gmt":"2013-10-14T12:26:03","guid":{"rendered":"http:\/\/deisy.se\/?p=1233"},"modified":"2013-10-14T14:28:18","modified_gmt":"2013-10-14T12:28:18","slug":"hostnyheter","status":"publish","type":"post","link":"https:\/\/deisy.se\/?p=1233","title":{"rendered":"H\u00f6stnyheter!"},"content":{"rendered":"<p><img loading=\"lazy\" decoding=\"async\" class=\"wp-image-1234 alignright\" alt=\"host6\" src=\"http:\/\/media.deisy.se\/2013\/10\/host6-300x294.jpg\" width=\"243\" height=\"239\" srcset=\"http:\/\/media.deisy.se\/2013\/10\/host6-300x294.jpg 300w, http:\/\/media.deisy.se\/2013\/10\/host6.jpg 475w\" sizes=\"(max-width: 243px) 100vw, 243px\" \/><\/p>\n<p>Det kommer in nyheter till butiken hela tiden i dessa tider n\u00e4r dagarna blir kortare och sticktiden f\u00f6r m\u00e5nga blir l\u00e4ngre \ud83d\ude09\u00a0F\u00f6rutom att vi som vanligt har alla produkter fr\u00e5n Garnstudio s\u00e5 har vi ett 50-tal sorters garn ut\u00f6ver dessa och h\u00e4r \u00e4r n\u00e5gra av dessa som \u00e4r nya hos oss den h\u00e4r s\u00e4songen:<\/p>\n<p>Det har efterfr\u00e5gats ett grovt, prisv\u00e4rt garn i lekfulla f\u00e4rger &#8211; vi presenterar d\u00e5 <span style=\"color: #333333;\">Balder <\/span>fr\u00e5n Viking som ett s\u00e5dant: 59:-\/hg och 100% ull. Stickas med stickor 8-10 eller glest till stor halsduk eller sjal p\u00e5 12-15.<a href=\"http:\/\/media.deisy.se\/2013\/10\/lovikka.jpg\"><img loading=\"lazy\" decoding=\"async\" class=\" wp-image-1235 alignright\" alt=\"lovikka\" src=\"http:\/\/media.deisy.se\/2013\/10\/lovikka-300x281.jpg\" width=\"243\" height=\"228\" srcset=\"http:\/\/media.deisy.se\/2013\/10\/lovikka-300x281.jpg 300w, http:\/\/media.deisy.se\/2013\/10\/lovikka.jpg 431w\" sizes=\"(max-width: 243px) 100vw, 243px\" \/><\/a><\/p>\n<p>Grovt och lekfullt kan man ocks\u00e5 verkligen kalla de nya f\u00e4rgerna i J\u00e4rbos Lovikka garn! Ett\u00a0naturgarn i neonf\u00e4rger har det ocks\u00e5 efterfr\u00e5gats och ja, med dessa Lovikka-f\u00e4rger har man\u00a0verkligen lyckats att f\u00e5 till detta. 66:-\/100g och sj\u00e4lvklart i 100% ull. Vi har 4 neon-f\u00e4rger inne tillsammans med de klassiska: naturvit och olika gr\u00e5 nyanser.<\/p>\n<p>Det \u00e4r inte heller fel p\u00e5 f\u00e4rgkombinationerna i de nya f\u00e4rgerna p\u00e5 Fame Trend. Ett garn som f\u00f6r \u00f6vrigt \u00e4r en ny stj\u00e4rna p\u00e5 v\u00e5r garn-himmel. 99:-\/100g och ett nystan har hela 420 meter s\u00e5 det r\u00e4cker till ett par sockor eller en sjal. Blanda g\u00e4rna upp det med n\u00e5got f\u00f6r att g\u00f6ra det lite &#8221;fluffigt&#8221;. Vi har det just nu p\u00e5 stickorna i kombination med nya Alpaca Silk fr\u00e5n Garnstudio.<\/p>\n<p style=\"text-align: center;\"><a href=\"http:\/\/media.deisy.se\/2013\/10\/fame.jpg\"><img loading=\"lazy\" decoding=\"async\" class=\"size-medium wp-image-1238 aligncenter\" alt=\"fame\" src=\"http:\/\/media.deisy.se\/2013\/10\/fame-283x300.jpg\" width=\"283\" height=\"300\" srcset=\"http:\/\/media.deisy.se\/2013\/10\/fame-283x300.jpg 283w, http:\/\/media.deisy.se\/2013\/10\/fame.jpg 474w\" sizes=\"(max-width: 283px) 100vw, 283px\" \/><\/a><\/p>\n<p style=\"text-align: left;\">Lite mer sober \u00e4r f\u00e4rgskalan i senaste leveransen fr\u00e5n Malabrigo. Nya f\u00e4rger i Malabrigo Lace och helt nya kvalit\u00e9n Rasita som \u00e4r, precis som sin lillasyster Lace, spunnen av 100% merino ull och har p\u00e5 en h\u00e4rva 100g och 285 meter.<\/p>\n<p style=\"text-align: left;\"><a href=\"http:\/\/media.deisy.se\/2013\/10\/malabrigo.jpg\"><img loading=\"lazy\" decoding=\"async\" class=\"size-medium wp-image-1239 aligncenter\" alt=\"malabrigo\" src=\"http:\/\/media.deisy.se\/2013\/10\/malabrigo-293x300.jpg\" width=\"293\" height=\"300\" srcset=\"http:\/\/media.deisy.se\/2013\/10\/malabrigo-293x300.jpg 293w, http:\/\/media.deisy.se\/2013\/10\/malabrigo.jpg 476w\" sizes=\"(max-width: 293px) 100vw, 293px\" \/><\/a><\/p>\n<p style=\"text-align: left;\"><a href=\"http:\/\/media.deisy.se\/2013\/10\/silkcash2.jpg\"><img loading=\"lazy\" decoding=\"async\" class=\" wp-image-1240 alignright\" alt=\"silkcash2\" src=\"http:\/\/media.deisy.se\/2013\/10\/silkcash2-253x300.jpg\" width=\"152\" height=\"180\" srcset=\"http:\/\/media.deisy.se\/2013\/10\/silkcash2-253x300.jpg 253w, http:\/\/media.deisy.se\/2013\/10\/silkcash2.jpg 352w\" sizes=\"(max-width: 152px) 100vw, 152px\" \/><\/a>Sista nyheten f\u00f6r den h\u00e4r g\u00e5ngen blir Silk Cashmere som kommer fr\u00e5n Ullcentrum. Garnet \u00e4r obeskrivligt mjukt och vi har det nu i fler f\u00e4rger \u00e4n tidigare. 240:-\/h\u00e4rva som inneh\u00e5ller 55g och 350 meter.<\/p>\n<p style=\"text-align: left;\">Vi har t ex randat den med angora i sjal och vi vet att den burits p\u00e5 br\u00f6llopsfestligheter &#8211; s\u00e5v\u00e4l av brudar som av g\u00e4ster &#8211; i form av b\u00e5de sjal och kofta.<\/p>\n<p style=\"text-align: left;\">Avslutningsvis: idag startar vi med v\u00e4rldens st\u00f6rsta alpackarea! Vi bjuder in till alpaca-fest: 25% p\u00e5 Garnstudios alpacka-kvalit\u00e9er: Alpaca, Alpaca Silk, Andes, Alpaca Boucl\u00e9, BabyAlpaca Silk, Lace, Lima och Nepal. Vi f\u00e5r som vanligt p\u00e5fyllning hela tiden och kampanjen p\u00e5g\u00e5r fram till 131231.<\/p>\n<p style=\"text-align: center;\"><a href=\"http:\/\/media.deisy.se\/2013\/10\/alpacafest.jpg\"><img loading=\"lazy\" decoding=\"async\" class=\"size-medium wp-image-1242 aligncenter\" alt=\"alpacafest\" src=\"http:\/\/media.deisy.se\/2013\/10\/alpacafest-300x111.jpg\" width=\"300\" height=\"111\" srcset=\"http:\/\/media.deisy.se\/2013\/10\/alpacafest-300x111.jpg 300w, http:\/\/media.deisy.se\/2013\/10\/alpacafest-1024x379.jpg 1024w\" sizes=\"(max-width: 300px) 100vw, 300px\" \/><\/a><\/p>\n","protected":false},"excerpt":{"rendered":"<p>Det kommer in nyheter till butiken hela tiden i dessa tider n\u00e4r dagarna blir kortare och sticktiden f\u00f6r m\u00e5nga blir l\u00e4ngre \ud83d\ude09\u00a0F\u00f6rutom att vi som vanligt har alla produkter fr\u00e5n Garnstudio s\u00e5 har vi ett 50-tal sorters garn ut\u00f6ver dessa och h\u00e4r \u00e4r n\u00e5gra av dessa som \u00e4r nya hos oss den h\u00e4r s\u00e4songen: Det [&hellip;]<\/p>\n","protected":false},"author":1,"featured_media":0,"comment_status":"open","ping_status":"open","sticky":false,"template":"","format":"standard","meta":{"_exactmetrics_skip_tracking":false,"_exactmetrics_sitenote_active":false,"_exactmetrics_sitenote_note":"","_exactmetrics_sitenote_category":0,"footnotes":""},"categories":[7,13,27,5,24,1],"tags":[],"class_list":["post-1233","post","type-post","status-publish","format-standard","hentry","category-deisy-design","category-garnstudio","category-nyheter","category-nytt-i-hyllan","category-supersale","category-uncategorized"],"_links":{"self":[{"href":"https:\/\/deisy.se\/index.php?rest_route=\/wp\/v2\/posts\/1233"}],"collection":[{"href":"https:\/\/deisy.se\/index.php?rest_route=\/wp\/v2\/posts"}],"about":[{"href":"https:\/\/deisy.se\/index.php?rest_route=\/wp\/v2\/types\/post"}],"author":[{"embeddable":true,"href":"https:\/\/deisy.se\/index.php?rest_route=\/wp\/v2\/users\/1"}],"replies":[{"embeddable":true,"href":"https:\/\/deisy.se\/index.php?rest_route=%2Fwp%2Fv2%2Fcomments&post=1233"}],"version-history":[{"count":9,"href":"https:\/\/deisy.se\/index.php?rest_route=\/wp\/v2\/posts\/1233\/revisions"}],"predecessor-version":[{"id":1248,"href":"https:\/\/deisy.se\/index.php?rest_route=\/wp\/v2\/posts\/1233\/revisions\/1248"}],"wp:attachment":[{"href":"https:\/\/deisy.se\/index.php?rest_route=%2Fwp%2Fv2%2Fmedia&parent=1233"}],"wp:term":[{"taxonomy":"category","embeddable":true,"href":"https:\/\/deisy.se\/index.php?rest_route=%2Fwp%2Fv2%2Fcategories&post=1233"},{"taxonomy":"post_tag","embeddable":true,"href":"https:\/\/deisy.se\/index.php?rest_route=%2Fwp%2Fv2%2Ftags&post=1233"}],"curies":[{"name":"wp","href":"https:\/\/api.w.org\/{rel}","templated":true}]}}