{"id":1226,"date":"2013-08-30T17:40:45","date_gmt":"2013-08-30T15:40:45","guid":{"rendered":"http:\/\/deisy.se\/?p=1226"},"modified":"2013-08-30T17:40:45","modified_gmt":"2013-08-30T15:40:45","slug":"sticka-till-tallinn-och-lordagar","status":"publish","type":"post","link":"https:\/\/deisy.se\/?p=1226","title":{"rendered":"Sticka till Tallinn och l\u00f6rdagar"},"content":{"rendered":"<p><a href=\"http:\/\/media.deisy.se\/2013\/08\/tallin-banner2.jpg\"><img loading=\"lazy\" decoding=\"async\" class=\"alignright size-full wp-image-1227\" alt=\"tallin-banner2\" src=\"http:\/\/media.deisy.se\/2013\/08\/tallin-banner2.jpg\" width=\"320\" height=\"180\" srcset=\"http:\/\/media.deisy.se\/2013\/08\/tallin-banner2.jpg 320w, http:\/\/media.deisy.se\/2013\/08\/tallin-banner2-300x168.jpg 300w\" sizes=\"(max-width: 320px) 100vw, 320px\" \/><\/a>Nu \u00e4r\u00a0det bara en dryg m\u00e5nad kvar till h\u00f6stens stick\u00e4ventyr: Sticka till Tallinn! I traditionell stickfest-anda blir det garnlotteri, knit battle, knit quiz och mycket, mycket annat. Tallinn \u00e4r m\u00e5let f\u00f6r resan och f\u00f6rutom att man f\u00e5r chansen att uppt\u00e4cka staden s\u00e5 finns det flera fina garnbutiker i staden som dessutom ger deltagare p\u00e5 STT fina rabatter.<\/p>\n<p>Sen \u00e4r det \u00e4ntligen dags att \u00f6ppna upp butiken p\u00e5 veckans b\u00e4sta dag &#8211; l\u00f6rdag! Efter att ha haft sommarst\u00e4ngt sedan midsommar s\u00e5 har vi fr\u00e5n och med imorgon \u00f6ppet som vanligt 10-14 (lite l\u00e4ngre fram i h\u00f6st str\u00e4cker vi ut den tiden ett par timmar). Tips: det kan understundom bli lite tr\u00e5ngt i butiken fram\u00e5t tolvtiden&#8230;men mellan 10 och 11 brukar vi vara ganska ensamma&#8230;<\/p>\n<p>I skylten just nu gr\u00e5tt och rosa &#8211; inspirerade av en magnifik bukett med liljor i samma nyanser.\u00a0<a href=\"http:\/\/media.deisy.se\/2013\/08\/skyltaug1.jpg\"><img loading=\"lazy\" decoding=\"async\" class=\"alignright size-full wp-image-1229\" alt=\"skyltaug\" src=\"http:\/\/media.deisy.se\/2013\/08\/skyltaug1.jpg\" width=\"640\" height=\"480\" srcset=\"http:\/\/media.deisy.se\/2013\/08\/skyltaug1.jpg 640w, http:\/\/media.deisy.se\/2013\/08\/skyltaug1-300x225.jpg 300w\" sizes=\"(max-width: 640px) 100vw, 640px\" \/><\/a><\/p>\n<p>&nbsp;<\/p>\n","protected":false},"excerpt":{"rendered":"<p>Nu \u00e4r\u00a0det bara en dryg m\u00e5nad kvar till h\u00f6stens stick\u00e4ventyr: Sticka till Tallinn! I traditionell stickfest-anda blir det garnlotteri, knit battle, knit quiz och mycket, mycket annat. Tallinn \u00e4r m\u00e5let f\u00f6r resan och f\u00f6rutom att man f\u00e5r chansen att uppt\u00e4cka staden s\u00e5 finns det flera fina garnbutiker i staden som dessutom ger deltagare p\u00e5 STT [&hellip;]<\/p>\n","protected":false},"author":1,"featured_media":0,"comment_status":"open","ping_status":"open","sticky":false,"template":"","format":"standard","meta":{"_exactmetrics_skip_tracking":false,"_exactmetrics_sitenote_active":false,"_exactmetrics_sitenote_note":"","_exactmetrics_sitenote_category":0,"footnotes":""},"categories":[7,4,22],"tags":[],"class_list":["post-1226","post","type-post","status-publish","format-standard","hentry","category-deisy-design","category-oppettider","category-stickfest-i-vast"],"_links":{"self":[{"href":"https:\/\/deisy.se\/index.php?rest_route=\/wp\/v2\/posts\/1226"}],"collection":[{"href":"https:\/\/deisy.se\/index.php?rest_route=\/wp\/v2\/posts"}],"about":[{"href":"https:\/\/deisy.se\/index.php?rest_route=\/wp\/v2\/types\/post"}],"author":[{"embeddable":true,"href":"https:\/\/deisy.se\/index.php?rest_route=\/wp\/v2\/users\/1"}],"replies":[{"embeddable":true,"href":"https:\/\/deisy.se\/index.php?rest_route=%2Fwp%2Fv2%2Fcomments&post=1226"}],"version-history":[{"count":2,"href":"https:\/\/deisy.se\/index.php?rest_route=\/wp\/v2\/posts\/1226\/revisions"}],"predecessor-version":[{"id":1231,"href":"https:\/\/deisy.se\/index.php?rest_route=\/wp\/v2\/posts\/1226\/revisions\/1231"}],"wp:attachment":[{"href":"https:\/\/deisy.se\/index.php?rest_route=%2Fwp%2Fv2%2Fmedia&parent=1226"}],"wp:term":[{"taxonomy":"category","embeddable":true,"href":"https:\/\/deisy.se\/index.php?rest_route=%2Fwp%2Fv2%2Fcategories&post=1226"},{"taxonomy":"post_tag","embeddable":true,"href":"https:\/\/deisy.se\/index.php?rest_route=%2Fwp%2Fv2%2Ftags&post=1226"}],"curies":[{"name":"wp","href":"https:\/\/api.w.org\/{rel}","templated":true}]}}