{"id":1186,"date":"2013-05-17T13:01:41","date_gmt":"2013-05-17T11:01:41","guid":{"rendered":"http:\/\/deisy.se\/?p=1186"},"modified":"2013-05-17T13:02:51","modified_gmt":"2013-05-17T11:02:51","slug":"ny-design-goteborgsvarv-och-supersale","status":"publish","type":"post","link":"https:\/\/deisy.se\/?p=1186","title":{"rendered":"Ny design, G\u00f6teborgsvarv och supersale!"},"content":{"rendered":"<p>Tv\u00e5 nya modeller har kommit har blivit klara i dagarna. F\u00e4rger som f\u00f6r tankarna till sn\u00e4ckor och sand tillsammans med design som sitter l\u00f6st och sommarledigt.<\/p>\n<p><a style=\"color: #ff4b33; line-height: 24px; font-size: 16px;\" href=\"http:\/\/media.deisy.se\/2013\/05\/korall.jpg\"><img loading=\"lazy\" decoding=\"async\" class=\"alignright  wp-image-1190\" alt=\"korall\" src=\"http:\/\/media.deisy.se\/2013\/05\/korall.jpg\" width=\"269\" height=\"336\" srcset=\"http:\/\/media.deisy.se\/2013\/05\/korall.jpg 384w, http:\/\/media.deisy.se\/2013\/05\/korall-240x300.jpg 240w\" sizes=\"(max-width: 269px) 100vw, 269px\" \/><\/a><\/p>\n<p>Korall kallar vi tr\u00f6jan som g\u00e5r i strandf\u00e4rgerna beige, korall, mild turkos mm. H\u00e4r har inspirationen kommit fr\u00e5n <a href=\"https:\/\/www.facebook.com\/pages\/Cornelia-Tuttle-Hamilton\/97925624462?fref=ts\" target=\"_blank\">Cornelia Hamilton<\/a> och med hennes till\u00e5telse har vi arbetat om klassikern Klaralund. En otroligt rolig modell att sticka &#8211; bara raka stycken f\u00f6r hela slanten &#8211; g\u00e5r att variera i det o\u00e4ndliga! Vi har laborerat lite med olika material och stickat nederdelen p\u00e5 tr\u00f6jan i &#8221;t\u00e5rtbitar&#8221; med v\u00e4ndvarv f\u00f6r att riktigt utnyttja det flerf\u00e4rgade garnet. Taiyo Sock tillsammans med Margita, Cotton Viscose och Safran.<\/p>\n<p>&nbsp;<\/p>\n<p><img loading=\"lazy\" decoding=\"async\" class=\"wp-image-1189 alignleft\" style=\"line-height: 18px;\" alt=\"Vinga\" src=\"http:\/\/media.deisy.se\/2013\/05\/IMG_37241.jpg\" width=\"274\" height=\"204\" \/><\/p>\n<p>&nbsp;<\/p>\n<p>Tr\u00f6jan med fl\u00e4tor \u00e4r stickad i en kombination av M&amp;K Lin och Drops\u00a0Cotton\u00a0Viscose p\u00e5 stickor 8. Vi kallar den Vinga. Det blir en v\u00e4ldigt intressant kombination av dessa kvalit\u00e9er &#8211; linets grovhet och\u00a0viskosens\u00a0glatta yta.<\/p>\n<p>P\u00e5 l\u00f6rdag \u00e4r det Pingsafton och d\u00e5 har vi st\u00e4ngt &#8211; dessutom \u00e4r det tiotusentals l\u00f6pare och \u00e5sk\u00e5dare ute p\u00e5 gator och torg f\u00f6r att medverka i G\u00f6teborgsvarvet p\u00e5 ett eller annat s\u00e4tt. \u00c4r du i stan kommer du inte att missa det!<\/p>\n<p>Som av en h\u00e4ndelse har jag just nu en grundprick i tr\u00e4dg\u00e5rden! <a href=\"http:\/\/media.deisy.se\/2013\/05\/Senast-\u00f6verf\u00f6rda14.jpg\"><img loading=\"lazy\" decoding=\"async\" class=\"alignright  wp-image-1191\" alt=\"Virkad poncho\" src=\"http:\/\/media.deisy.se\/2013\/05\/Senast-\u00f6verf\u00f6rda14.jpg\" width=\"336\" height=\"336\" srcset=\"http:\/\/media.deisy.se\/2013\/05\/Senast-\u00f6verf\u00f6rda14.jpg 480w, http:\/\/media.deisy.se\/2013\/05\/Senast-\u00f6verf\u00f6rda14-150x150.jpg 150w, http:\/\/media.deisy.se\/2013\/05\/Senast-\u00f6verf\u00f6rda14-300x300.jpg 300w\" sizes=\"(max-width: 336px) 100vw, 336px\" \/><\/a>Den fick vara modell f\u00f6r att tipsa om en kul <a href=\"http:\/\/www.garnstudio.com\/lang\/se\/visoppskrift.php?d_nr=147&amp;d_id=1&amp;lang=se\" target=\"_blank\">poncho <\/a>att virka &#8211; speciellt om man vill passa p\u00e5 just nu n\u00e4r Big Delight \u00e4r p\u00e5 kampanj och nedsatt med 35%. Vi \u00e4r mitt i kampanjen och den p\u00e5g\u00e5r hela maj &#8211; p\u00e5fyllning f\u00e5r vi hela tiden fr\u00e5n Garnstudio och de jobbar p\u00e5 f\u00f6r h\u00f6gtryck och lite f\u00f6rseningar kan dock uppst\u00e5.<\/p>\n<p>Ha en riktigt trevlig Pingst!<\/p>\n<p>&nbsp;<\/p>\n","protected":false},"excerpt":{"rendered":"<p>Tv\u00e5 nya modeller har kommit har blivit klara i dagarna. F\u00e4rger som f\u00f6r tankarna till sn\u00e4ckor och sand tillsammans med design som sitter l\u00f6st och sommarledigt. Korall kallar vi tr\u00f6jan som g\u00e5r i strandf\u00e4rgerna beige, korall, mild turkos mm. H\u00e4r har inspirationen kommit fr\u00e5n Cornelia Hamilton och med hennes till\u00e5telse har vi arbetat om klassikern [&hellip;]<\/p>\n","protected":false},"author":1,"featured_media":0,"comment_status":"open","ping_status":"open","sticky":false,"template":"","format":"standard","meta":{"_exactmetrics_skip_tracking":false,"_exactmetrics_sitenote_active":false,"_exactmetrics_sitenote_note":"","_exactmetrics_sitenote_category":0,"footnotes":""},"categories":[7,13,9,11,24],"tags":[],"class_list":["post-1186","post","type-post","status-publish","format-standard","hentry","category-deisy-design","category-garnstudio","category-stickat","category-sticktips","category-supersale"],"_links":{"self":[{"href":"https:\/\/deisy.se\/index.php?rest_route=\/wp\/v2\/posts\/1186"}],"collection":[{"href":"https:\/\/deisy.se\/index.php?rest_route=\/wp\/v2\/posts"}],"about":[{"href":"https:\/\/deisy.se\/index.php?rest_route=\/wp\/v2\/types\/post"}],"author":[{"embeddable":true,"href":"https:\/\/deisy.se\/index.php?rest_route=\/wp\/v2\/users\/1"}],"replies":[{"embeddable":true,"href":"https:\/\/deisy.se\/index.php?rest_route=%2Fwp%2Fv2%2Fcomments&post=1186"}],"version-history":[{"count":7,"href":"https:\/\/deisy.se\/index.php?rest_route=\/wp\/v2\/posts\/1186\/revisions"}],"predecessor-version":[{"id":1198,"href":"https:\/\/deisy.se\/index.php?rest_route=\/wp\/v2\/posts\/1186\/revisions\/1198"}],"wp:attachment":[{"href":"https:\/\/deisy.se\/index.php?rest_route=%2Fwp%2Fv2%2Fmedia&parent=1186"}],"wp:term":[{"taxonomy":"category","embeddable":true,"href":"https:\/\/deisy.se\/index.php?rest_route=%2Fwp%2Fv2%2Fcategories&post=1186"},{"taxonomy":"post_tag","embeddable":true,"href":"https:\/\/deisy.se\/index.php?rest_route=%2Fwp%2Fv2%2Ftags&post=1186"}],"curies":[{"name":"wp","href":"https:\/\/api.w.org\/{rel}","templated":true}]}}